{"id":1116,"date":"2018-12-20T17:37:26","date_gmt":"2018-12-20T16:37:26","guid":{"rendered":"https:\/\/arquitectosdejaen.es\/?p=1116"},"modified":"2019-01-23T11:25:22","modified_gmt":"2019-01-23T10:25:22","slug":"curso-gratuito-fundamentos-del-bim","status":"publish","type":"post","link":"https:\/\/arquitectosdejaen.es\/?p=1116","title":{"rendered":"Curso gratuito &#8216;Fundamentos del BIM&#8217;"},"content":{"rendered":"<p>[vc_row full_width=\u00bbstretch_row_content\u00bb css=\u00bb.vc_custom_1493793479314{padding-top: 0px !important;background-color: #ebebeb !important;}\u00bb el_class=\u00bbfondo-header\u00bb][vc_column][vc_column_text][block id=\u00bbimagen-cabecera\u00bb][\/vc_column_text][\/vc_column][\/vc_row][vc_row full_width=\u00bbstretch_row\u00bb][vc_column width=\u00bb1\/6&#8243;][vc_column_text][block id=\u00bbbarra-icon\u00bb][\/vc_column_text][\/vc_column][vc_column width=\u00bb5\/6&#8243; css=\u00bb.vc_custom_1548238276201{margin-top: 15px !important;margin-bottom: 15px !important;}\u00bb][vc_column_text][insert_php]<br \/>\nif (function_exists (&#8216;yoast_breadcrumb&#8217;)) yoast_breadcrumb (&#8216;<\/p>\n<p id=\"breadcrumbs\">&#8216;,&#8217;<\/p>\n<p>&#8216;);<br \/>\n[\/insert_php][\/vc_column_text][vc_column_text]<\/p>\n<h1>CURSO GRATUITO &#8216;FUNDAMENTOS DEL BIM&#8217;.<\/h1>\n<p>Como respuesta a la convocatoria de proyecto de formaci\u00f3n,\u00a0y al amparo del convenio suscrito por el CSCAE y el Ministerio de Fomento,el\u00a0<strong>Grupo de Trabajo BIM del CACOA<\/strong>\u00a0organiz\u00f3 el pasado 20 de diciembre de 2018 la jornada\u00a0<strong>Fundamentos de BIM<\/strong>, que cont\u00f3 con ponentes de contrastada experiencia. Se desarroll\u00f3 en modalidad presencial en el\u00a0Colegio Oficial de Arquitectos de M\u00e1laga\u00a0durante todo el d\u00eda y, simult\u00e1neamente, se retransmiti\u00f3 a trav\u00e9s de Internet, permitiendo a todos los colegiados andaluces participar en la misma.<\/p>\n<p>En el siguiente enlace se pueden visualizar los\u00a0<strong>contenidos \u00edntegros de las ponencias<\/strong>,\u00a0adem\u00e1s del material complementario,\u00a0para que cualquier arquitecto pueda acceder a la informaci\u00f3n tantas veces como necesite:<\/p>\n<p><strong><a href=\"http:\/\/www.cacoa.es\/curso-fundamentos-bim\/\"><span style=\"color: #0000ff;\">http:\/\/www.cacoa.es\/curso-fundamentos-bim\/<\/span><\/a><\/strong>[\/vc_column_text][\/vc_column][\/vc_row]<\/p>\n","protected":false},"excerpt":{"rendered":"<p>[vc_row full_width=\u00bbstretch_row_content\u00bb css=\u00bb.vc_custom_1493793479314{padding-top: 0px !important;background-color: #ebebeb !important;}\u00bb el_class=\u00bbfondo-header\u00bb][vc_column][vc_column_text][block id=\u00bbimagen-cabecera\u00bb][\/vc_column_text][\/vc_column][\/vc_row][vc_row full_width=\u00bbstretch_row\u00bb][vc_column width=\u00bb1\/6&#8243;][vc_column_text][block id=\u00bbbarra-icon\u00bb][\/vc_column_text][\/vc_column][vc_column width=\u00bb5\/6&#8243; css=\u00bb.vc_custom_1548238276201{margin-top: 15px !important;margin-bottom: 15px !important;}\u00bb][vc_column_text][insert_php] if (function_exists (&#8216;yoast_breadcrumb&#8217;)) yoast_breadcrumb (&#8216; &#8216;,&#8217; &#8216;); [\/insert_php][\/vc_column_text][vc_column_text] CURSO GRATUITO &#8216;FUNDAMENTOS DEL BIM&#8217;. Como respuesta a la convocatoria de proyecto de formaci\u00f3n,\u00a0y al amparo del convenio suscrito por el CSCAE y el Ministerio de Fomento,el\u00a0Grupo de Trabajo [&hellip;]<\/p>\n","protected":false},"author":1,"featured_media":1115,"comment_status":"open","ping_status":"open","sticky":false,"template":"","format":"standard","meta":{"_et_pb_use_builder":"","_et_pb_old_content":"","_et_gb_content_width":"","footnotes":""},"categories":[4],"tags":[],"class_list":["post-1116","post","type-post","status-publish","format-standard","has-post-thumbnail","hentry","category-cursos"],"_links":{"self":[{"href":"https:\/\/arquitectosdejaen.es\/index.php?rest_route=\/wp\/v2\/posts\/1116","targetHints":{"allow":["GET"]}}],"collection":[{"href":"https:\/\/arquitectosdejaen.es\/index.php?rest_route=\/wp\/v2\/posts"}],"about":[{"href":"https:\/\/arquitectosdejaen.es\/index.php?rest_route=\/wp\/v2\/types\/post"}],"author":[{"embeddable":true,"href":"https:\/\/arquitectosdejaen.es\/index.php?rest_route=\/wp\/v2\/users\/1"}],"replies":[{"embeddable":true,"href":"https:\/\/arquitectosdejaen.es\/index.php?rest_route=%2Fwp%2Fv2%2Fcomments&post=1116"}],"version-history":[{"count":8,"href":"https:\/\/arquitectosdejaen.es\/index.php?rest_route=\/wp\/v2\/posts\/1116\/revisions"}],"predecessor-version":[{"id":1173,"href":"https:\/\/arquitectosdejaen.es\/index.php?rest_route=\/wp\/v2\/posts\/1116\/revisions\/1173"}],"wp:featuredmedia":[{"embeddable":true,"href":"https:\/\/arquitectosdejaen.es\/index.php?rest_route=\/wp\/v2\/media\/1115"}],"wp:attachment":[{"href":"https:\/\/arquitectosdejaen.es\/index.php?rest_route=%2Fwp%2Fv2%2Fmedia&parent=1116"}],"wp:term":[{"taxonomy":"category","embeddable":true,"href":"https:\/\/arquitectosdejaen.es\/index.php?rest_route=%2Fwp%2Fv2%2Fcategories&post=1116"},{"taxonomy":"post_tag","embeddable":true,"href":"https:\/\/arquitectosdejaen.es\/index.php?rest_route=%2Fwp%2Fv2%2Ftags&post=1116"}],"curies":[{"name":"wp","href":"https:\/\/api.w.org\/{rel}","templated":true}]}}