{"id":1590,"date":"2019-04-04T14:02:19","date_gmt":"2019-04-04T12:02:19","guid":{"rendered":"https:\/\/arquitectosdejaen.es\/curso-de-cype-estructuras-modulo-e05-copy\/"},"modified":"2019-11-29T14:46:17","modified_gmt":"2019-11-29T13:46:17","slug":"curso-de-cype-estructuras-modulo-e06","status":"publish","type":"post","link":"https:\/\/arquitectosdejaen.es\/?p=1590","title":{"rendered":"Curso de CYPE Estructuras M\u00f3dulo E06"},"content":{"rendered":"<p>[vc_row full_width=\u00bbstretch_row\u00bb][vc_column css=\u00bb.vc_custom_1548238276201{margin-top: 15px !important;margin-bottom: 15px !important;}\u00bb][vc_column_text css=\u00bb.vc_custom_1554380960242{margin-bottom: 10px !important;}\u00bb]<\/p>\n<h1>CURSO DE CYPE ESTRUCTURAS M\u00d3DULO E06.<\/h1>\n<h2>PROYECTOS CON ESTRUCTURA MIXTA DE HORMIG\u00d3N Y ACERO.<\/h2>\n<p>&nbsp;<\/p>\n<p>Como continuaci\u00f3n del plan de formaci\u00f3n permanente del Arquitecto y bajo el compromiso con el programa de implantaci\u00f3n BIM, el Colegio Oficial de Arquitectos contin\u00faa con el plan de formaci\u00f3n de CYPE, concretamente, de CYPE ESTRUCTURAS.<\/p>\n<p>Como se ha indicado en convocatorias anteriores, este plan se estructura por bloques, que se ir\u00e1n convocando a medida que se acerque la fecha de realizaci\u00f3n de los mismos. La inscripci\u00f3n para cada bloque ser\u00e1 independiente y necesaria.<\/p>\n<p>&nbsp;<\/p>\n<p><strong>PROGRAMA:<\/strong><br \/>\n&#8211; Consideraciones generales sobre las tipolog\u00edas mixtas de hormig\u00f3n y acero.<br \/>\n&#8211; Proyectos con tipolog\u00edas mixtas de hormig\u00f3n y acero en CypeCad.<br \/>\n&#8211; Proyectos con tipolog\u00edas mixtas de hormig\u00f3n y acero en Cype3D.<br \/>\n&#8211; Cimentaciones con losas en estructuras met\u00e1licas.<br \/>\n&#8211; Comprobaciones estructurales de detalles constructivos.<\/p>\n<p>&nbsp;<\/p>\n<p><strong>CALENDARIO:<\/strong><br \/>\nLunes, d\u00eda 15 de abril, de 9:00 a 14:00 y de 16:00 a 20:00 horas.<br \/>\nMartes, d\u00eda 16 de abril, de 9:00 a 14:00 y de 16:00 a 20:00 horas.<\/p>\n<p>&nbsp;<\/p>\n<p><strong>INSCRIPCI\u00d3N (CURSO PRESENCIAL):<\/strong><br \/>\nAquellos interesados en realizar el Bloque 6 (E06), los d\u00edas 15 y 16 de abril, de forma presencial deber\u00e1n formalizar su inscripci\u00f3n antes de las 12 horas del viernes, d\u00eda 12 de abril (plazas limitadas por riguroso orden de inscripci\u00f3n). Se expedir\u00e1 certificado acreditativo de asistencia con una carga lectiva de 24 horas.<\/p>\n<p><span style=\"color: #0000ff;\"><a style=\"color: #0000ff;\" href=\"http:\/\/oficinavirtual.coajaen.es\/actividades\/actividades_detalle.asp?id_evento=185\"><strong>Inscripci\u00f3n para su realizaci\u00f3n de forma PRESENCIAL, pulse aqu\u00ed.<\/strong><\/a><\/span><\/p>\n<p><strong>Nota<\/strong>: Para la realizaci\u00f3n del curso es necesario alcanzar un n\u00famero m\u00ednimo de inscritos de forma presencial.<\/p>\n<p>&nbsp;<\/p>\n<p><strong>INSCRIPCI\u00d3N (CURSO ONLINE):<\/strong><br \/>\nComo novedad se incorpora la posibilidad de seguir la retransmisi\u00f3n en directo por internet de las clases del Bloque 6 (E06), los d\u00edas 15 y 16 de abril, Aquellos interesados, deber\u00e1n formalizar su inscripci\u00f3n antes de las 12 horas del viernes, d\u00eda 12 de abril (plazas limitadas por riguroso orden de inscripci\u00f3n).<\/p>\n<p><a href=\"http:\/\/oficinavirtual.coajaen.es\/actividades\/actividades_detalle.asp?id_evento=186\"><strong><span style=\"color: #0000ff;\">Inscripci\u00f3n para su realizaci\u00f3n de forma ONLINE, pulse aqu\u00ed.<\/span><\/strong><\/a><\/p>\n<p><strong>Nota<\/strong>: Para seguir la retrasmisi\u00f3n en directo ser\u00e1 necesario disponer de una cuenta de Gmail. Una vez terminado el plazo de inscripci\u00f3n, recibir\u00e1 un correo con todos los detalles.<\/p>\n<p>&nbsp;<\/p>\n<p><strong>IMPORTE:<\/strong><\/p>\n<p>El importe total del Bloque E06 para Colegiados\/Asociados del COA Ja\u00e9n es de 200 \u20ac (ya sea presencial u online).<\/p>\n<p style=\"padding-left: 40px;\">20% dto. si se formaliza antes de las 14h. del d\u00eda 10 de abril: 160 \u20ac.<br \/>\n40% dto. para mutualistas de Asemas, asociados o colegiados con menos de 2 a\u00f1os de colegiaci\u00f3n: 120 \u20ac.<br \/>\n60% dto. si se formaliza antes de las 14h. del 10 de abril y para mutualistas de Asemas, asociados o colegiados con menos de 2 a\u00f1os de colegiaci\u00f3n: 80 \u20ac.<\/p>\n<p>Para otros arquitectos o profesionales interesados en asistir al curso, podr\u00e1n formalizar su inscripci\u00f3n remitiendo el siguiente <span style=\"color: #0000ff;\"><a style=\"color: #0000ff;\" href=\"http:\/\/www.coajaen.org\/circulares\/descargas2019\/CIRCULAR_55-2019_Boletin_E06.pdf\">Bolet\u00edn de inscripci\u00f3n<\/a><\/span> (ver condiciones en el mismo) al correo electr\u00f3nico actividades@coajaen.org.[\/vc_column_text][\/vc_column][\/vc_row]<\/p>\n","protected":false},"excerpt":{"rendered":"<p>[vc_row full_width=\u00bbstretch_row\u00bb][vc_column css=\u00bb.vc_custom_1548238276201{margin-top: 15px !important;margin-bottom: 15px !important;}\u00bb][vc_column_text css=\u00bb.vc_custom_1554380960242{margin-bottom: 10px !important;}\u00bb] CURSO DE CYPE ESTRUCTURAS M\u00d3DULO E06. PROYECTOS CON ESTRUCTURA MIXTA DE HORMIG\u00d3N Y ACERO. &nbsp; Como continuaci\u00f3n del plan de formaci\u00f3n permanente del Arquitecto y bajo el compromiso con el programa de implantaci\u00f3n BIM, el Colegio Oficial de Arquitectos contin\u00faa con el plan de formaci\u00f3n [&hellip;]<\/p>\n","protected":false},"author":1,"featured_media":1593,"comment_status":"open","ping_status":"open","sticky":false,"template":"","format":"standard","meta":{"_et_pb_use_builder":"","_et_pb_old_content":"","_et_gb_content_width":"","footnotes":""},"categories":[4],"tags":[],"class_list":["post-1590","post","type-post","status-publish","format-standard","has-post-thumbnail","hentry","category-cursos"],"_links":{"self":[{"href":"https:\/\/arquitectosdejaen.es\/index.php?rest_route=\/wp\/v2\/posts\/1590","targetHints":{"allow":["GET"]}}],"collection":[{"href":"https:\/\/arquitectosdejaen.es\/index.php?rest_route=\/wp\/v2\/posts"}],"about":[{"href":"https:\/\/arquitectosdejaen.es\/index.php?rest_route=\/wp\/v2\/types\/post"}],"author":[{"embeddable":true,"href":"https:\/\/arquitectosdejaen.es\/index.php?rest_route=\/wp\/v2\/users\/1"}],"replies":[{"embeddable":true,"href":"https:\/\/arquitectosdejaen.es\/index.php?rest_route=%2Fwp%2Fv2%2Fcomments&post=1590"}],"version-history":[{"count":9,"href":"https:\/\/arquitectosdejaen.es\/index.php?rest_route=\/wp\/v2\/posts\/1590\/revisions"}],"predecessor-version":[{"id":2335,"href":"https:\/\/arquitectosdejaen.es\/index.php?rest_route=\/wp\/v2\/posts\/1590\/revisions\/2335"}],"wp:featuredmedia":[{"embeddable":true,"href":"https:\/\/arquitectosdejaen.es\/index.php?rest_route=\/wp\/v2\/media\/1593"}],"wp:attachment":[{"href":"https:\/\/arquitectosdejaen.es\/index.php?rest_route=%2Fwp%2Fv2%2Fmedia&parent=1590"}],"wp:term":[{"taxonomy":"category","embeddable":true,"href":"https:\/\/arquitectosdejaen.es\/index.php?rest_route=%2Fwp%2Fv2%2Fcategories&post=1590"},{"taxonomy":"post_tag","embeddable":true,"href":"https:\/\/arquitectosdejaen.es\/index.php?rest_route=%2Fwp%2Fv2%2Ftags&post=1590"}],"curies":[{"name":"wp","href":"https:\/\/api.w.org\/{rel}","templated":true}]}}