{"id":1714,"date":"2019-05-17T11:20:33","date_gmt":"2019-05-17T09:20:33","guid":{"rendered":"https:\/\/arquitectosdejaen.es\/info-coaj-whatsapp-copy\/"},"modified":"2019-12-01T21:18:55","modified_gmt":"2019-12-01T20:18:55","slug":"elecciones-2019","status":"publish","type":"post","link":"https:\/\/arquitectosdejaen.es\/?p=1714","title":{"rendered":"Elecciones 2019"},"content":{"rendered":"<p>[vc_row full_width=\u00bbstretch_row\u00bb][vc_column css=\u00bb.vc_custom_1548238276201{margin-top: 15px !important;margin-bottom: 15px !important;}\u00bb][vc_column_text]<\/p>\n<h1 style=\"text-align: left;\">ELECCIONES A CARGOS DE JUNTA DE GOBIERNO, REPRESENTANTES EN LA ASAMBLEA DEL C.A.C.O.A., Y MIEMBROS DE LA COMISI\u00d3N DE RECURSOS DEL CONSEJO ANDALUZ 2019.<\/h1>\n<p><img loading=\"lazy\" decoding=\"async\" class=\"wp-image-1716 size-full aligncenter\" src=\"https:\/\/arquitectosdejaen.es\/wp-content\/uploads\/Imagenes\/Elecciones2019.jpg\" alt=\"Elecciones 2019\" width=\"644\" height=\"400\" srcset=\"https:\/\/arquitectosdejaen.es\/wp-content\/uploads\/Imagenes\/Elecciones2019.jpg 644w, https:\/\/arquitectosdejaen.es\/wp-content\/uploads\/Imagenes\/Elecciones2019-250x155.jpg 250w, https:\/\/arquitectosdejaen.es\/wp-content\/uploads\/Imagenes\/Elecciones2019-120x75.jpg 120w\" sizes=\"(max-width: 644px) 100vw, 644px\" \/><\/p>\n<p>La Junta de Gobierno de este Colegio Oficial de Arquitectos de Ja\u00e9n, en sesi\u00f3n celebrada el d\u00eda 7 de Mayo de 2019, aprob\u00f3 el Calendario para las Elecciones a Cargos de Junta de Gobierno, Representantes en la Asamblea del C.A.C.O.A., y Miembros de la Comisi\u00f3n de Recursos del Consejo Andaluz.<\/p>\n<p>9 de mayo de 2019: <span style=\"color: #0000ff;\"><a style=\"color: #0000ff;\" href=\"http:\/\/www.coajaen.org\/descargas\/77-2019.pdf\">Calendario completo y toda la informaci\u00f3n del proceso electoral<\/a><\/span>.<\/p>\n<p>27 de mayo de 2019: <span style=\"color: #0000ff;\"><a style=\"color: #0000ff;\" href=\"http:\/\/www.coajaen.org\/descargas\/83-2019.pdf\">Proclamaci\u00f3n de candidaturas<\/a><\/span>.<\/p>\n<p>19 de junio de 2019: <span style=\"color: #0000ff;\"><a style=\"color: #0000ff;\" href=\"http:\/\/www.coajaen.org\/descargas\/97-2019.pdf\">Publicaci\u00f3n del resultado de las Elecciones<\/a><\/span>.[\/vc_column_text][\/vc_column][\/vc_row]<\/p>\n","protected":false},"excerpt":{"rendered":"<p>[vc_row full_width=\u00bbstretch_row\u00bb][vc_column css=\u00bb.vc_custom_1548238276201{margin-top: 15px !important;margin-bottom: 15px !important;}\u00bb][vc_column_text] ELECCIONES A CARGOS DE JUNTA DE GOBIERNO, REPRESENTANTES EN LA ASAMBLEA DEL C.A.C.O.A., Y MIEMBROS DE LA COMISI\u00d3N DE RECURSOS DEL CONSEJO ANDALUZ 2019. La Junta de Gobierno de este Colegio Oficial de Arquitectos de Ja\u00e9n, en sesi\u00f3n celebrada el d\u00eda 7 de Mayo de 2019, aprob\u00f3 el [&hellip;]<\/p>\n","protected":false},"author":1,"featured_media":1716,"comment_status":"open","ping_status":"open","sticky":false,"template":"","format":"standard","meta":{"_et_pb_use_builder":"","_et_pb_old_content":"","_et_gb_content_width":"","footnotes":""},"categories":[3],"tags":[],"class_list":["post-1714","post","type-post","status-publish","format-standard","has-post-thumbnail","hentry","category-noticias"],"_links":{"self":[{"href":"https:\/\/arquitectosdejaen.es\/index.php?rest_route=\/wp\/v2\/posts\/1714","targetHints":{"allow":["GET"]}}],"collection":[{"href":"https:\/\/arquitectosdejaen.es\/index.php?rest_route=\/wp\/v2\/posts"}],"about":[{"href":"https:\/\/arquitectosdejaen.es\/index.php?rest_route=\/wp\/v2\/types\/post"}],"author":[{"embeddable":true,"href":"https:\/\/arquitectosdejaen.es\/index.php?rest_route=\/wp\/v2\/users\/1"}],"replies":[{"embeddable":true,"href":"https:\/\/arquitectosdejaen.es\/index.php?rest_route=%2Fwp%2Fv2%2Fcomments&post=1714"}],"version-history":[{"count":11,"href":"https:\/\/arquitectosdejaen.es\/index.php?rest_route=\/wp\/v2\/posts\/1714\/revisions"}],"predecessor-version":[{"id":2305,"href":"https:\/\/arquitectosdejaen.es\/index.php?rest_route=\/wp\/v2\/posts\/1714\/revisions\/2305"}],"wp:featuredmedia":[{"embeddable":true,"href":"https:\/\/arquitectosdejaen.es\/index.php?rest_route=\/wp\/v2\/media\/1716"}],"wp:attachment":[{"href":"https:\/\/arquitectosdejaen.es\/index.php?rest_route=%2Fwp%2Fv2%2Fmedia&parent=1714"}],"wp:term":[{"taxonomy":"category","embeddable":true,"href":"https:\/\/arquitectosdejaen.es\/index.php?rest_route=%2Fwp%2Fv2%2Fcategories&post=1714"},{"taxonomy":"post_tag","embeddable":true,"href":"https:\/\/arquitectosdejaen.es\/index.php?rest_route=%2Fwp%2Fv2%2Ftags&post=1714"}],"curies":[{"name":"wp","href":"https:\/\/api.w.org\/{rel}","templated":true}]}}