{"id":1846,"date":"2019-07-09T10:33:10","date_gmt":"2019-07-09T08:33:10","guid":{"rendered":"https:\/\/arquitectosdejaen.es\/presentacion-libro-ordenes-copy\/"},"modified":"2019-11-29T14:20:59","modified_gmt":"2019-11-29T13:20:59","slug":"presentacion-orden-14-enero","status":"publish","type":"post","link":"https:\/\/arquitectosdejaen.es\/?p=1846","title":{"rendered":"Jornada &#8216;Presentaci\u00f3n de la Orden de 14 de enero de 2019&#8217;."},"content":{"rendered":"<p>[vc_row full_width=\u00bbstretch_row\u00bb][vc_column css=\u00bb.vc_custom_1548238276201{margin-top: 15px !important;margin-bottom: 15px !important;}\u00bb][vc_column_text]<\/p>\n<h1 style=\"text-align: justify;\">JORNADA \u2018PRESENTACI\u00d3N DE LA ORDEN DE 14 DE ENERO DE 2019 de subvenciones para la rehabilitaci\u00f3n de edificios y viviendas en la\u00a0 comunidad aut\u00f3noma de Andaluc\u00eda, dentro del Plan Marco de Vivienda y Rehabilitaci\u00f3n de Andaluc\u00eda 2016-2020\u2019.<\/h1>\n<p style=\"text-align: justify;\"><img loading=\"lazy\" decoding=\"async\" class=\"aligncenter wp-image-1848 size-full\" src=\"https:\/\/arquitectosdejaen.es\/wp-content\/uploads\/Imagenes\/JornadaPresentacionORDEN.jpg\" alt=\"Jornada 'Presentaci\u00f3n de la Orden de 14 de enero de 2019'.\" width=\"644\" height=\"400\" srcset=\"https:\/\/arquitectosdejaen.es\/wp-content\/uploads\/Imagenes\/JornadaPresentacionORDEN.jpg 644w, https:\/\/arquitectosdejaen.es\/wp-content\/uploads\/Imagenes\/JornadaPresentacionORDEN-250x155.jpg 250w, https:\/\/arquitectosdejaen.es\/wp-content\/uploads\/Imagenes\/JornadaPresentacionORDEN-120x75.jpg 120w\" sizes=\"(max-width: 644px) 100vw, 644px\" \/>El Colegio Oficial de Arquitectos de Ja\u00e9n, en colaboraci\u00f3n con la Consejer\u00eda de Fomento, Infraestructuras y Ordenaci\u00f3n del Territorio, organiz\u00f3 la presente jornada con motivo de la publicaci\u00f3n de la Orden de 14 de enero de 2019, por las que se han aprobado las bases reguladoras para la concesi\u00f3n, en r\u00e9gimen de concurrencia competitiva, de subvenciones para la rehabilitaci\u00f3n de edificios y viviendas en la Comunidad aut\u00f3noma de Andaluc\u00eda, dentro del Plan Marco de Vivienda y Rehabilitaci\u00f3n de Andaluc\u00eda 2016-2020. El pasado martes, d\u00eda 18 de junio, a las 12 horas tuvo lugar en el Sal\u00f3n de Actos una sesi\u00f3n informativa orientada al asesoramiento y ayuda en la tramitaci\u00f3n de estos programas.<\/p>\n<p><span style=\"color: #0000ff;\"><a style=\"color: #0000ff;\" href=\"https:\/\/www.juntadeandalucia.es\/boja\/2019\/124\/4?fbclid=IwAR0f9bQhthfxOvdOyzCGXhkuUV1Y9k2t_t-wDBri16d9ELz05HhfqXNj6WE\">Orden de 17 de junio de 2019, por la que se efect\u00faa la convocatoria, en r\u00e9gimen de concurrencia competitiva, de subvenciones para la rehabilitaci\u00f3n de viviendas en la Comunidad Aut\u00f3noma de Andaluc\u00eda, en el ejercicio 2019<\/a><\/span>.[\/vc_column_text][\/vc_column][\/vc_row]<\/p>\n","protected":false},"excerpt":{"rendered":"<p>[vc_row full_width=\u00bbstretch_row\u00bb][vc_column css=\u00bb.vc_custom_1548238276201{margin-top: 15px !important;margin-bottom: 15px !important;}\u00bb][vc_column_text] JORNADA \u2018PRESENTACI\u00d3N DE LA ORDEN DE 14 DE ENERO DE 2019 de subvenciones para la rehabilitaci\u00f3n de edificios y viviendas en la\u00a0 comunidad aut\u00f3noma de Andaluc\u00eda, dentro del Plan Marco de Vivienda y Rehabilitaci\u00f3n de Andaluc\u00eda 2016-2020\u2019. El Colegio Oficial de Arquitectos de Ja\u00e9n, en colaboraci\u00f3n con la [&hellip;]<\/p>\n","protected":false},"author":1,"featured_media":1848,"comment_status":"open","ping_status":"open","sticky":false,"template":"","format":"standard","meta":{"_et_pb_use_builder":"","_et_pb_old_content":"","_et_gb_content_width":"","footnotes":""},"categories":[5],"tags":[],"class_list":["post-1846","post","type-post","status-publish","format-standard","has-post-thumbnail","hentry","category-jornada-tecnicas"],"_links":{"self":[{"href":"https:\/\/arquitectosdejaen.es\/index.php?rest_route=\/wp\/v2\/posts\/1846","targetHints":{"allow":["GET"]}}],"collection":[{"href":"https:\/\/arquitectosdejaen.es\/index.php?rest_route=\/wp\/v2\/posts"}],"about":[{"href":"https:\/\/arquitectosdejaen.es\/index.php?rest_route=\/wp\/v2\/types\/post"}],"author":[{"embeddable":true,"href":"https:\/\/arquitectosdejaen.es\/index.php?rest_route=\/wp\/v2\/users\/1"}],"replies":[{"embeddable":true,"href":"https:\/\/arquitectosdejaen.es\/index.php?rest_route=%2Fwp%2Fv2%2Fcomments&post=1846"}],"version-history":[{"count":5,"href":"https:\/\/arquitectosdejaen.es\/index.php?rest_route=\/wp\/v2\/posts\/1846\/revisions"}],"predecessor-version":[{"id":2291,"href":"https:\/\/arquitectosdejaen.es\/index.php?rest_route=\/wp\/v2\/posts\/1846\/revisions\/2291"}],"wp:featuredmedia":[{"embeddable":true,"href":"https:\/\/arquitectosdejaen.es\/index.php?rest_route=\/wp\/v2\/media\/1848"}],"wp:attachment":[{"href":"https:\/\/arquitectosdejaen.es\/index.php?rest_route=%2Fwp%2Fv2%2Fmedia&parent=1846"}],"wp:term":[{"taxonomy":"category","embeddable":true,"href":"https:\/\/arquitectosdejaen.es\/index.php?rest_route=%2Fwp%2Fv2%2Fcategories&post=1846"},{"taxonomy":"post_tag","embeddable":true,"href":"https:\/\/arquitectosdejaen.es\/index.php?rest_route=%2Fwp%2Fv2%2Ftags&post=1846"}],"curies":[{"name":"wp","href":"https:\/\/api.w.org\/{rel}","templated":true}]}}