{"id":1883,"date":"2019-09-20T12:21:50","date_gmt":"2019-09-20T10:21:50","guid":{"rendered":"https:\/\/arquitectosdejaen.es\/jornada-legrand-group-copy\/"},"modified":"2019-11-29T12:12:08","modified_gmt":"2019-11-29T11:12:08","slug":"jornada-legrand-group-copy","status":"publish","type":"post","link":"https:\/\/arquitectosdejaen.es\/?p=1883","title":{"rendered":"Jornada BIM &#8216;Implantaci\u00f3n del Sistema BIM en Estudios de Arquitectura&#8217;."},"content":{"rendered":"<p>[vc_row full_width=\u00bbstretch_row\u00bb][vc_column css=\u00bb.vc_custom_1548238276201{margin-top: 15px !important;margin-bottom: 15px !important;}\u00bb][vc_column_text]<\/p>\n<h1 style=\"text-align: left;\"><strong>Jornada BIM &#8216;Implantaci\u00f3n del Sistema BIM en Estudios de Arquitectura&#8217;.<\/strong><\/h1>\n<p>&nbsp;<\/p>\n<p><strong>Colegio Oficial de Arquitectos de Ja\u00e9n.<\/strong><br \/>\n<strong>Viernes, d\u00eda 27 de septiembre de 2019.<\/strong><br \/>\n<strong>De 10:00 a 14:00 horas.<\/strong><\/p>\n<p>&nbsp;<\/p>\n<p>Jornada gratuita en el COAJ sobre la implantaci\u00f3n del sistema BIM en estudios de arquitectura.<\/p>\n<p>&nbsp;<\/p>\n<p><strong>PROGRAMA:<\/strong><\/p>\n<p>Lecciones aprendidas en Proyectos BIM para Arquitectos.<br \/>\nBase para implementar proyectos BIM.<br \/>\n&#8211; Esquema general.<br \/>\n&#8211; Bases y estrategias.<br \/>\nEjemplos de proyectos:<br \/>\n&#8211; Anteproyectos: Rehabilitaci\u00f3n de un hotel.<br \/>\n&#8211; Proyectos B\u00e1sico: Nave terciaria.<br \/>\n&#8211; Proyecto de ejecuci\u00f3n: Bloque Residencial y Centro de D\u00eda.<br \/>\n&#8211; Obra: Proyecto de Urbanizaci\u00f3n.<br \/>\n&#8211; Mantenimiento: Edificio de viviendas p\u00fablicas.<br \/>\nConclusiones.<\/p>\n<p>&nbsp;<\/p>\n<p><strong>PONENTE: D. DAVID BARCO MORENO:<\/strong><\/p>\n<p>Arquitecto tecn\u00f3logo BIM Expert. Director de Consultor\u00eda y Formaci\u00f3n de Berrilan BIM.<br \/>\nAutor del libro: \u201cDIARIO DE UN BIM MANAGER: Gu\u00eda para implementar y gestionar proyectos BIM\u201d. Revista Costos, Lima Per\u00fa. Agosto 2018.<br \/>\nHa colaborado en proyectos BIM singulares estadios de Futbol, edificio Empresarial, estaciones de Metro, Centros de Bricolaje, Centros de Dia, Colegios, Edificios de Viviendas, etc. Muchos de ellos como arquitecto autor.<br \/>\nProfesor y Director del Postgrado BIM Manager en la Universidad Europea.<br \/>\nCTO del canal de divulgaci\u00f3n BIM Channel.<br \/>\nMiembro del Consejo Educativo y Responsable Mentor Program de butic The New School.<br \/>\nDirector de Desarrollo del software de gesti\u00f3n de proyectos para oficinas t\u00e9cnicas Gestproject\u00ae<br \/>\nMiembro del Comit\u00e9 BIM Euskadi. Y coordinador de los Grupos de Usuarios BIM de Madrid y de Euskadi.<br \/>\nAutor del Blog <span style=\"color: #0000ff;\"><a style=\"color: #0000ff;\" href=\"http:\/\/qbimgest.blogspot.com.es\/\">http:\/\/qbimgest.blogspot.com.es\/<\/a><\/span><\/p>\n<p>&nbsp;<\/p>\n<p><strong>INSCRIPCI\u00d3N:<\/strong><br \/>\nLa inscripci\u00f3n ser\u00e1 gratuita, hasta completar aforo por riguroso orden de inscripci\u00f3n, debiendo comunicarlo a este Colegio a efectos organizativos antes de las 14 horas jueves, d\u00eda 26 de septiembre de 2019:<\/p>\n<p><strong><span style=\"color: #0000ff;\"><a style=\"color: #0000ff;\" href=\"http:\/\/oficinavirtual.coajaen.es\/actividades\/actividades_detalle.asp?id_evento=196\">Inscripci\u00f3n para Colegiados\/Asociados del COA Ja\u00e9n, pulse aqu\u00ed<\/a><\/span><\/strong>.<\/p>\n<p><em>Para otros arquitectos o profesionales interesados en asistir a dicha jornada, podr\u00e1n formalizar su inscripci\u00f3n remitiendo un correo electr\u00f3nico, indicando sus datos personales, a la siguiente direcci\u00f3n: actividades@coajaen.org.<\/em>[\/vc_column_text][\/vc_column][\/vc_row]<\/p>\n","protected":false},"excerpt":{"rendered":"<p>[vc_row full_width=\u00bbstretch_row\u00bb][vc_column css=\u00bb.vc_custom_1548238276201{margin-top: 15px !important;margin-bottom: 15px !important;}\u00bb][vc_column_text] Jornada BIM &#8216;Implantaci\u00f3n del Sistema BIM en Estudios de Arquitectura&#8217;. &nbsp; Colegio Oficial de Arquitectos de Ja\u00e9n. Viernes, d\u00eda 27 de septiembre de 2019. De 10:00 a 14:00 horas. &nbsp; Jornada gratuita en el COAJ sobre la implantaci\u00f3n del sistema BIM en estudios de arquitectura. &nbsp; PROGRAMA: Lecciones [&hellip;]<\/p>\n","protected":false},"author":1,"featured_media":2184,"comment_status":"open","ping_status":"open","sticky":false,"template":"","format":"standard","meta":{"_et_pb_use_builder":"","_et_pb_old_content":"","_et_gb_content_width":"","footnotes":""},"categories":[5],"tags":[],"class_list":["post-1883","post","type-post","status-publish","format-standard","has-post-thumbnail","hentry","category-jornada-tecnicas"],"_links":{"self":[{"href":"https:\/\/arquitectosdejaen.es\/index.php?rest_route=\/wp\/v2\/posts\/1883","targetHints":{"allow":["GET"]}}],"collection":[{"href":"https:\/\/arquitectosdejaen.es\/index.php?rest_route=\/wp\/v2\/posts"}],"about":[{"href":"https:\/\/arquitectosdejaen.es\/index.php?rest_route=\/wp\/v2\/types\/post"}],"author":[{"embeddable":true,"href":"https:\/\/arquitectosdejaen.es\/index.php?rest_route=\/wp\/v2\/users\/1"}],"replies":[{"embeddable":true,"href":"https:\/\/arquitectosdejaen.es\/index.php?rest_route=%2Fwp%2Fv2%2Fcomments&post=1883"}],"version-history":[{"count":4,"href":"https:\/\/arquitectosdejaen.es\/index.php?rest_route=\/wp\/v2\/posts\/1883\/revisions"}],"predecessor-version":[{"id":2214,"href":"https:\/\/arquitectosdejaen.es\/index.php?rest_route=\/wp\/v2\/posts\/1883\/revisions\/2214"}],"wp:featuredmedia":[{"embeddable":true,"href":"https:\/\/arquitectosdejaen.es\/index.php?rest_route=\/wp\/v2\/media\/2184"}],"wp:attachment":[{"href":"https:\/\/arquitectosdejaen.es\/index.php?rest_route=%2Fwp%2Fv2%2Fmedia&parent=1883"}],"wp:term":[{"taxonomy":"category","embeddable":true,"href":"https:\/\/arquitectosdejaen.es\/index.php?rest_route=%2Fwp%2Fv2%2Fcategories&post=1883"},{"taxonomy":"post_tag","embeddable":true,"href":"https:\/\/arquitectosdejaen.es\/index.php?rest_route=%2Fwp%2Fv2%2Ftags&post=1883"}],"curies":[{"name":"wp","href":"https:\/\/api.w.org\/{rel}","templated":true}]}}