{"id":1931,"date":"2019-10-21T12:24:36","date_gmt":"2019-10-21T10:24:36","guid":{"rendered":"https:\/\/arquitectosdejaen.es\/curso-de-cype-estructuras-modulo-e07-copy\/"},"modified":"2019-11-29T14:16:01","modified_gmt":"2019-11-29T13:16:01","slug":"curso-de-instalaciones-m01","status":"publish","type":"post","link":"https:\/\/arquitectosdejaen.es\/?p=1931","title":{"rendered":"Curso de Instalaciones M01: Instalaciones El\u00e9ctricas y de iluminaci\u00f3n."},"content":{"rendered":"<p>[vc_row full_width=\u00bbstretch_row\u00bb][vc_column css=\u00bb.vc_custom_1548238276201{margin-top: 15px !important;margin-bottom: 15px !important;}\u00bb][vc_column_text css=\u00bb.vc_custom_1571654027015{margin-bottom: 10px !important;}\u00bb]<\/p>\n<h1>CURSO DE INSTALACIONES M01: Instalaciones El\u00e9ctricas y de iluminaci\u00f3n.<\/h1>\n<p style=\"text-align: justify;\">Este curso se encuentra enmarcado dentro del Plan de Formaci\u00f3n Permanente del Arquitecto del Colegio Oficial de Arquitectos de Ja\u00e9n. En esta ocasi\u00f3n se ver\u00e1n instalaciones el\u00e9ctricas y de iluminaci\u00f3n, desde cuestiones te\u00f3ricas y normativas de car\u00e1cter b\u00e1sico, hasta el dise\u00f1o y c\u00e1lculo de las mismas.<\/p>\n<p>&nbsp;<\/p>\n<p><strong>CALENDARIO:<\/strong><br \/>\n24 y 25 de octubre, de 9:00 a 14:00 y de 16:00 a 19:00 horas.<br \/>\n20 y 21 de noviembre, de 9:00 a 14:00 y de 16:00 a 19:00 horas.<br \/>\n.<\/p>\n<p>&nbsp;<\/p>\n<p><strong>INSCRIPCI\u00d3N (CURSO PRESENCIAL):<\/strong><br \/>\nAquellos interesados en realizar el Bloque 1 (M01) de forma presencial deber\u00e1n formalizar su inscripci\u00f3n antes de las 14 horas del martes, d\u00eda 22 de octubre (plazas limitadas por riguroso orden de inscripci\u00f3n). Se expedir\u00e1 certificado acreditativo de asistencia con una carga lectiva de 32 horas.<\/p>\n<p><span style=\"color: #0000ff;\"><a style=\"color: #0000ff;\" href=\"http:\/\/oficinavirtual.coajaen.es\/actividades\/actividades_detalle.asp?id_evento=199\"><strong>Inscripci\u00f3n para su realizaci\u00f3n de forma PRESENCIAL, pulse aqu\u00ed.<\/strong><\/a><\/span><\/p>\n<p><strong>Nota<\/strong>: Para la realizaci\u00f3n del curso es necesario alcanzar un n\u00famero m\u00ednimo de inscritos de forma presencial.<\/p>\n<p>&nbsp;<\/p>\n<p><strong>INSCRIPCI\u00d3N (CURSO ONLINE):<\/strong><br \/>\nAquellos interesados en seguir la retransmisi\u00f3n en directo por internet de las clases del Bloque 1 (M01) deber\u00e1n formalizar su inscripci\u00f3n antes de las 14 horas del martes, d\u00eda 22 de octubre (plazas limitadas por riguroso orden de inscripci\u00f3n).<\/p>\n<p><a href=\"http:\/\/oficinavirtual.coajaen.es\/actividades\/actividades_detalle.asp?id_evento=200\"><strong><span style=\"color: #0000ff;\">Inscripci\u00f3n para su realizaci\u00f3n de forma ONLINE, pulse aqu\u00ed.<\/span><\/strong><\/a><\/p>\n<p><strong>Nota<\/strong>: Para seguir la retrasmisi\u00f3n en directo ser\u00e1 necesario disponer de una cuenta de Gmail. Una vez terminado el plazo de inscripci\u00f3n, recibir\u00e1 un correo con todos los detalles.<\/p>\n<p>&nbsp;<\/p>\n<p><strong>IMPORTE:<\/strong><\/p>\n<p>El importe total del Bloque M01 para Colegiados\/Asociados del COA Ja\u00e9n es de 190 \u20ac (ya sea presencial u online):<\/p>\n<p style=\"padding-left: 40px;\">20% dto. si se formaliza antes de las 14h. del 18 de octubre: 152 \u20ac.<br \/>\n40% dto. para mutualistas de Asemas, asociados o colegiados con menos de 2 a\u00f1os de colegiaci\u00f3n: 114 \u20ac.<br \/>\n60% dto. si se formaliza antes de las 14h. del 18 de octubre y para mutualistas de Asemas, asociados o colegiados con menos de 2 a\u00f1os de colegiaci\u00f3n: 76 \u20ac.<\/p>\n<p>Para otros arquitectos o profesionales interesados en asistir al curso, podr\u00e1n formalizar su inscripci\u00f3n remitiendo el siguiente <span style=\"color: #0000ff;\"><a style=\"color: #0000ff;\" href=\"http:\/\/www.coajaen.org\/circulares\/descargas2019\/CIRCULAR_147-2019_Boletin_M01.pdf\">Bolet\u00edn de inscripci\u00f3n<\/a><\/span> (ver condiciones en el mismo) al correo electr\u00f3nico actividades@coajaen.org.[\/vc_column_text][\/vc_column][\/vc_row]<\/p>\n","protected":false},"excerpt":{"rendered":"<p>[vc_row full_width=\u00bbstretch_row\u00bb][vc_column css=\u00bb.vc_custom_1548238276201{margin-top: 15px !important;margin-bottom: 15px !important;}\u00bb][vc_column_text css=\u00bb.vc_custom_1571654027015{margin-bottom: 10px !important;}\u00bb] CURSO DE INSTALACIONES M01: Instalaciones El\u00e9ctricas y de iluminaci\u00f3n. Este curso se encuentra enmarcado dentro del Plan de Formaci\u00f3n Permanente del Arquitecto del Colegio Oficial de Arquitectos de Ja\u00e9n. En esta ocasi\u00f3n se ver\u00e1n instalaciones el\u00e9ctricas y de iluminaci\u00f3n, desde cuestiones te\u00f3ricas y normativas de [&hellip;]<\/p>\n","protected":false},"author":1,"featured_media":2179,"comment_status":"open","ping_status":"open","sticky":false,"template":"","format":"standard","meta":{"_et_pb_use_builder":"","_et_pb_old_content":"","_et_gb_content_width":"","footnotes":""},"categories":[4],"tags":[],"class_list":["post-1931","post","type-post","status-publish","format-standard","has-post-thumbnail","hentry","category-cursos"],"_links":{"self":[{"href":"https:\/\/arquitectosdejaen.es\/index.php?rest_route=\/wp\/v2\/posts\/1931","targetHints":{"allow":["GET"]}}],"collection":[{"href":"https:\/\/arquitectosdejaen.es\/index.php?rest_route=\/wp\/v2\/posts"}],"about":[{"href":"https:\/\/arquitectosdejaen.es\/index.php?rest_route=\/wp\/v2\/types\/post"}],"author":[{"embeddable":true,"href":"https:\/\/arquitectosdejaen.es\/index.php?rest_route=\/wp\/v2\/users\/1"}],"replies":[{"embeddable":true,"href":"https:\/\/arquitectosdejaen.es\/index.php?rest_route=%2Fwp%2Fv2%2Fcomments&post=1931"}],"version-history":[{"count":4,"href":"https:\/\/arquitectosdejaen.es\/index.php?rest_route=\/wp\/v2\/posts\/1931\/revisions"}],"predecessor-version":[{"id":2211,"href":"https:\/\/arquitectosdejaen.es\/index.php?rest_route=\/wp\/v2\/posts\/1931\/revisions\/2211"}],"wp:featuredmedia":[{"embeddable":true,"href":"https:\/\/arquitectosdejaen.es\/index.php?rest_route=\/wp\/v2\/media\/2179"}],"wp:attachment":[{"href":"https:\/\/arquitectosdejaen.es\/index.php?rest_route=%2Fwp%2Fv2%2Fmedia&parent=1931"}],"wp:term":[{"taxonomy":"category","embeddable":true,"href":"https:\/\/arquitectosdejaen.es\/index.php?rest_route=%2Fwp%2Fv2%2Fcategories&post=1931"},{"taxonomy":"post_tag","embeddable":true,"href":"https:\/\/arquitectosdejaen.es\/index.php?rest_route=%2Fwp%2Fv2%2Ftags&post=1931"}],"curies":[{"name":"wp","href":"https:\/\/api.w.org\/{rel}","templated":true}]}}