{"id":2056,"date":"2019-11-19T12:37:08","date_gmt":"2019-11-19T11:37:08","guid":{"rendered":"https:\/\/arquitectosdejaen.es\/blog\/2019\/11\/19\/exposicion-mitu-copy\/"},"modified":"2019-11-29T12:06:43","modified_gmt":"2019-11-29T11:06:43","slug":"jornada-asemas-2019","status":"publish","type":"post","link":"https:\/\/arquitectosdejaen.es\/?p=2056","title":{"rendered":"Jornada Informativa &#8216;Asemas, Tarifa de Primas 2020&#8217;."},"content":{"rendered":"<p>[vc_row full_width=\u00bbstretch_row\u00bb][vc_column css=\u00bb.vc_custom_1548238276201{margin-top: 15px !important;margin-bottom: 15px !important;}\u00bb][vc_column_text]<\/p>\n<h1 style=\"text-align: left;\">&#8216;Jornada Informativa &#8216;Asemas, Tarifa de Primas 2020&#8217;.<\/h1>\n<p><strong>LUGAR: Colegio Oficial de Arquitectos de Ja\u00e9n.<\/strong><br \/>\n<strong>D\u00cdA: Martes, 26 de noviembre de 2019.<\/strong><br \/>\n<strong>HORA: 12:00 horas.<\/strong><\/p>\n<p style=\"text-align: justify;\">El pr\u00f3ximo martes, d\u00eda 26 de noviembre, a las 12:00 horas en la sede de este Colegio, tendr\u00e1 lugar una reuni\u00f3n informativa sobre la <strong>Tarifa de ASEMAS 2020<\/strong>, a la que asistir\u00e1 el representante de la misma D. Antonio Vargas Y\u00e1\u00f1ez, Arquitecto, Vocal del Consejo de Administraci\u00f3n de ASEMAS.<\/p>\n<p style=\"text-align: justify;\">D. Antonio Vargas Ya\u00f1ez nos remite el siguiente gui\u00f3n para su exposici\u00f3n:<\/p>\n<p style=\"text-align: justify;\"><em>1. Exposici\u00f3n de las tarifas y condiciones de las p\u00f3lizas de RC de ASEMAS para 2020.<\/em><br \/>\n<em>2. Temas de inter\u00e9s para los mutualistas.<\/em><br \/>\n<em>3. Preguntas de los asistentes.<\/em><\/p>\n<p style=\"text-align: justify;\">Se aconseja la asistencia personal para tener la oportunidad de conocer directamente las explicaciones y justificaciones correspondientes y, en su caso, exponer nuestras dudas y opiniones al respecto.<\/p>\n<p style=\"text-align: justify;\">De igual manera, a los mutualistas de ASEMAS, os aconsejamos que consult\u00e9is las condiciones generales y particulares de vuestra p\u00f3liza, para poder valorar todos sus aspectos y en su caso, realizar las preguntas correspondientes.<\/p>\n<p style=\"text-align: justify;\">La jornada ser\u00e1 de libre acceso, tanto a mutualistas como a no mutualistas que quieran conocer las condiciones de ASEMAS y sus distintas p\u00f3lizas.<\/p>\n<p style=\"text-align: justify;\">Previamente a la sesi\u00f3n, a las 11 horas, se atender\u00e1 a los compa\u00f1eros que quieran plantear cuestiones particulares. A estos efectos, pueden avanzar sus consultas mediante correo electr\u00f3nico a la direcci\u00f3n antoniovy@coamalaga.es, rogando a quien lo solicite a trav\u00e9s del siguiente enlace:<\/p>\n<p><span style=\"color: #0000ff;\"><strong><a style=\"color: #0000ff;\" href=\"http:\/\/oficinavirtual.coajaen.es\/actividades\/actividades_detalle.asp?id_evento=204\">Para solicitar atenci\u00f3n personalizada, pulse aqu\u00ed<\/a>.<\/strong><\/span><\/p>\n<p>Lo que se comunica para general conocimiento.[\/vc_column_text][\/vc_column][\/vc_row]<\/p>\n","protected":false},"excerpt":{"rendered":"<p>[vc_row full_width=\u00bbstretch_row\u00bb][vc_column css=\u00bb.vc_custom_1548238276201{margin-top: 15px !important;margin-bottom: 15px !important;}\u00bb][vc_column_text] &#8216;Jornada Informativa &#8216;Asemas, Tarifa de Primas 2020&#8217;. LUGAR: Colegio Oficial de Arquitectos de Ja\u00e9n. D\u00cdA: Martes, 26 de noviembre de 2019. HORA: 12:00 horas. El pr\u00f3ximo martes, d\u00eda 26 de noviembre, a las 12:00 horas en la sede de este Colegio, tendr\u00e1 lugar una reuni\u00f3n informativa sobre la [&hellip;]<\/p>\n","protected":false},"author":1,"featured_media":2168,"comment_status":"open","ping_status":"open","sticky":false,"template":"","format":"standard","meta":{"_et_pb_use_builder":"","_et_pb_old_content":"","_et_gb_content_width":"","footnotes":""},"categories":[5],"tags":[],"class_list":["post-2056","post","type-post","status-publish","format-standard","has-post-thumbnail","hentry","category-jornada-tecnicas"],"_links":{"self":[{"href":"https:\/\/arquitectosdejaen.es\/index.php?rest_route=\/wp\/v2\/posts\/2056","targetHints":{"allow":["GET"]}}],"collection":[{"href":"https:\/\/arquitectosdejaen.es\/index.php?rest_route=\/wp\/v2\/posts"}],"about":[{"href":"https:\/\/arquitectosdejaen.es\/index.php?rest_route=\/wp\/v2\/types\/post"}],"author":[{"embeddable":true,"href":"https:\/\/arquitectosdejaen.es\/index.php?rest_route=\/wp\/v2\/users\/1"}],"replies":[{"embeddable":true,"href":"https:\/\/arquitectosdejaen.es\/index.php?rest_route=%2Fwp%2Fv2%2Fcomments&post=2056"}],"version-history":[{"count":4,"href":"https:\/\/arquitectosdejaen.es\/index.php?rest_route=\/wp\/v2\/posts\/2056\/revisions"}],"predecessor-version":[{"id":2208,"href":"https:\/\/arquitectosdejaen.es\/index.php?rest_route=\/wp\/v2\/posts\/2056\/revisions\/2208"}],"wp:featuredmedia":[{"embeddable":true,"href":"https:\/\/arquitectosdejaen.es\/index.php?rest_route=\/wp\/v2\/media\/2168"}],"wp:attachment":[{"href":"https:\/\/arquitectosdejaen.es\/index.php?rest_route=%2Fwp%2Fv2%2Fmedia&parent=2056"}],"wp:term":[{"taxonomy":"category","embeddable":true,"href":"https:\/\/arquitectosdejaen.es\/index.php?rest_route=%2Fwp%2Fv2%2Fcategories&post=2056"},{"taxonomy":"post_tag","embeddable":true,"href":"https:\/\/arquitectosdejaen.es\/index.php?rest_route=%2Fwp%2Fv2%2Ftags&post=2056"}],"curies":[{"name":"wp","href":"https:\/\/api.w.org\/{rel}","templated":true}]}}