{"id":2456,"date":"2019-12-11T09:44:31","date_gmt":"2019-12-11T08:44:31","guid":{"rendered":"https:\/\/arquitectosdejaen.es\/blog\/2019\/12\/11\/exposicion-caricaturas-carlos-fuentes-copy\/"},"modified":"2019-12-11T12:39:41","modified_gmt":"2019-12-11T11:39:41","slug":"conferencia-dolores-victoria-juan-jose","status":"publish","type":"post","link":"https:\/\/arquitectosdejaen.es\/?p=2456","title":{"rendered":"CICLO DE CONFERENCIAS: \u00abARQUITECTURA MADE IN JA\u00c9N\u00bb (DOLORES VICTORIA RUIZ Y JUAN JOS\u00c9 RUIZ)."},"content":{"rendered":"<p>[vc_row full_width=\u00bbstretch_row\u00bb][vc_column css=\u00bb.vc_custom_1548238276201{margin-top: 15px !important;margin-bottom: 15px !important;}\u00bb][vc_column_text]<\/p>\n<h1 style=\"text-align: left;\">Conferencia a cargo de Dolores Victoria Ruiz Garrido y Juan Jos\u00e9 Ruiz Mart\u00edn del Estudio Semis\u00f3tano (antes RGRM).<\/h1>\n<p>&nbsp;<\/p>\n<p style=\"text-align: justify;\"><img loading=\"lazy\" decoding=\"async\" class=\"alignnone wp-image-2458 size-full\" src=\"https:\/\/arquitectosdejaen.es\/wp-content\/uploads\/Imagenes\/Ciclo_Conferencias_Estudio_Semisotano.jpg\" alt=\"\" width=\"780\" height=\"413\" srcset=\"https:\/\/arquitectosdejaen.es\/wp-content\/uploads\/Imagenes\/Ciclo_Conferencias_Estudio_Semisotano.jpg 780w, https:\/\/arquitectosdejaen.es\/wp-content\/uploads\/Imagenes\/Ciclo_Conferencias_Estudio_Semisotano-480x254.jpg 480w\" sizes=\"(min-width: 0px) and (max-width: 480px) 480px, (min-width: 481px) 780px, 100vw\" \/><\/p>\n<p>[\/vc_column_text][\/vc_column][\/vc_row]<\/p>\n","protected":false},"excerpt":{"rendered":"<p>[vc_row full_width=\u00bbstretch_row\u00bb][vc_column css=\u00bb.vc_custom_1548238276201{margin-top: 15px !important;margin-bottom: 15px !important;}\u00bb][vc_column_text] Conferencia a cargo de Dolores Victoria Ruiz Garrido y Juan Jos\u00e9 Ruiz Mart\u00edn del Estudio Semis\u00f3tano (antes RGRM). &nbsp; [\/vc_column_text][\/vc_column][\/vc_row]<\/p>\n","protected":false},"author":1,"featured_media":2458,"comment_status":"open","ping_status":"open","sticky":false,"template":"","format":"standard","meta":{"_et_pb_use_builder":"","_et_pb_old_content":"","_et_gb_content_width":"","footnotes":""},"categories":[1],"tags":[],"class_list":["post-2456","post","type-post","status-publish","format-standard","has-post-thumbnail","hentry","category-uncategorized"],"_links":{"self":[{"href":"https:\/\/arquitectosdejaen.es\/index.php?rest_route=\/wp\/v2\/posts\/2456","targetHints":{"allow":["GET"]}}],"collection":[{"href":"https:\/\/arquitectosdejaen.es\/index.php?rest_route=\/wp\/v2\/posts"}],"about":[{"href":"https:\/\/arquitectosdejaen.es\/index.php?rest_route=\/wp\/v2\/types\/post"}],"author":[{"embeddable":true,"href":"https:\/\/arquitectosdejaen.es\/index.php?rest_route=\/wp\/v2\/users\/1"}],"replies":[{"embeddable":true,"href":"https:\/\/arquitectosdejaen.es\/index.php?rest_route=%2Fwp%2Fv2%2Fcomments&post=2456"}],"version-history":[{"count":3,"href":"https:\/\/arquitectosdejaen.es\/index.php?rest_route=\/wp\/v2\/posts\/2456\/revisions"}],"predecessor-version":[{"id":2460,"href":"https:\/\/arquitectosdejaen.es\/index.php?rest_route=\/wp\/v2\/posts\/2456\/revisions\/2460"}],"wp:featuredmedia":[{"embeddable":true,"href":"https:\/\/arquitectosdejaen.es\/index.php?rest_route=\/wp\/v2\/media\/2458"}],"wp:attachment":[{"href":"https:\/\/arquitectosdejaen.es\/index.php?rest_route=%2Fwp%2Fv2%2Fmedia&parent=2456"}],"wp:term":[{"taxonomy":"category","embeddable":true,"href":"https:\/\/arquitectosdejaen.es\/index.php?rest_route=%2Fwp%2Fv2%2Fcategories&post=2456"},{"taxonomy":"post_tag","embeddable":true,"href":"https:\/\/arquitectosdejaen.es\/index.php?rest_route=%2Fwp%2Fv2%2Ftags&post=2456"}],"curies":[{"name":"wp","href":"https:\/\/api.w.org\/{rel}","templated":true}]}}