{"id":2480,"date":"2020-01-13T10:23:10","date_gmt":"2020-01-13T09:23:10","guid":{"rendered":"https:\/\/arquitectosdejaen.es\/blog\/2020\/01\/13\/curso-deontologia-copy\/"},"modified":"2020-02-19T12:39:01","modified_gmt":"2020-02-19T11:39:01","slug":"x-premio-provincial","status":"publish","type":"post","link":"https:\/\/arquitectosdejaen.es\/?p=2480","title":{"rendered":"X Premio Provincial de Arquitectura y Urbanismo \u00abAndr\u00e9s de Vandelvira\u00bb"},"content":{"rendered":"<p>[vc_row full_width=\u00bbstretch_row\u00bb][vc_column css=\u00bb.vc_custom_1548238276201{margin-top: 15px !important;margin-bottom: 15px !important;}\u00bb][vc_column_text css=\u00bb.vc_custom_1580833251658{margin-bottom: 10px !important;}\u00bb]<\/p>\n<h1 style=\"text-align: left;\">X PREMIO PROVINCIAL DE ARQUITECTURA Y URBANISMO \u201cANDR\u00c9S DE VANDELVIRA\u201d.<\/h1>\n<table width=\"722\">\n<tbody>\n<tr>\n<td width=\"700\">\n<p style=\"text-align: center;\"><strong><img loading=\"lazy\" decoding=\"async\" class=\"alignnone wp-image-2482 size-large\" src=\"https:\/\/arquitectosdejaen.es\/wp-content\/uploads\/Imagenes\/X_PREMIO_PROVINCIAL-1024x584.jpg\" alt=\"\" width=\"1024\" height=\"584\" srcset=\"https:\/\/arquitectosdejaen.es\/wp-content\/uploads\/Imagenes\/X_PREMIO_PROVINCIAL-980x559.jpg 980w, https:\/\/arquitectosdejaen.es\/wp-content\/uploads\/Imagenes\/X_PREMIO_PROVINCIAL-480x274.jpg 480w\" sizes=\"(min-width: 0px) and (max-width: 480px) 480px, (min-width: 481px) and (max-width: 980px) 980px, (min-width: 981px) 1024px, 100vw\" \/><\/strong><\/p>\n<p style=\"text-align: center;\"><strong>BASES<\/strong> \u2013 <strong>2020<\/strong><\/p>\n<p style=\"text-align: justify;\">El Colegio Oficial de Arquitectos de Ja\u00e9n, con la colaboraci\u00f3n de Instituciones y Organismos interesados, con motivo de incentivar y distinguir las iniciativas y actuaciones que incidan favorablemente en los \u00e1mbitos de la Arquitectura y Urbanismo en la provincia de Ja\u00e9n, acuerda convocar la X Edici\u00f3n del Premio Provincial de Arquitectura y Urbanismo \u201cAndr\u00e9s de Vandelvira\u201d, de conformidad con las siguientes Bases:<\/p>\n<p>&nbsp;<\/p>\n<p><strong>OBJETO DEL CONCURSO.<\/strong><\/p>\n<p style=\"text-align: justify;\">Este Concurso tiene como objetivo elegir la mejor realizaci\u00f3n dentro del campo de la Arquitectura y el Urbanismo, de entre las nominaciones que en cada uno de los apartados que a continuaci\u00f3n se detallan, se hayan realizado en la provincia de Ja\u00e9n en el per\u00edodo 2015-2019.<\/p>\n<p>&nbsp;<\/p>\n<p><strong>NOMINACI\u00d3N A OBRA DE NUEVA PLANTA.<\/strong><\/p>\n<p style=\"text-align: justify;\">Podr\u00e1n optar a esta nominaci\u00f3n todas las obras de nueva planta, terminadas en el per\u00edodo objeto del Concurso (1 de enero de 2015 al 31 de diciembre de 2019), acreditado por el Certificado Final de Obra o Acta de Recepci\u00f3n correspondiente, tramitado en este Colegio, a excepci\u00f3n de aquellas obras promovidas por la administraci\u00f3n y realizadas por Arquitectos Funcionarios o asimilados para el centro u organismo al que se encuentren adscritos y como contenido de la relaci\u00f3n de su servicio, en la que se presentar\u00e1 documentaci\u00f3n acreditativa expedida por el citado organismo de la fecha de finalizaci\u00f3n de las obras o del Acta de Recepci\u00f3n o finalizaci\u00f3n de \u00e9stas.<\/p>\n<p style=\"text-align: justify;\">Se incluyen en este apartado los edificios que por sus propios valores arquitect\u00f3nicos o por la sensibilidad demostrada para la implantaci\u00f3n en su entorno, representen una aportaci\u00f3n destacable al patrimonio de Ja\u00e9n.<\/p>\n<p>&nbsp;<\/p>\n<p><strong>NOMINACI\u00d3N A OBRA DE REHABILITACI\u00d3N Y\/O RESTAURACI\u00d3N<\/strong>.<\/p>\n<p style=\"text-align: justify;\">Podr\u00e1n optar a esta nominaci\u00f3n, las obras de Rehabilitaci\u00f3n y\/o Restauraci\u00f3n terminadas en el per\u00edodo objeto del concurso. La acreditaci\u00f3n de su finalizaci\u00f3n se realizar\u00e1 de forma similar a la establecida en el p\u00e1rrafo anterior. Se incluyen en este apartado las propuestas donde el valor arquitect\u00f3nico del edificio haya presidido la intervenci\u00f3n, obligando a una disciplina de respeto, documentaci\u00f3n y estudio en profundidad, pudiendo incluirse en este apartado, aquellas actuaciones de recuperaci\u00f3n o transformaci\u00f3n de edificios degradados.<\/p>\n<p>&nbsp;<\/p>\n<p><strong>NOMINACI\u00d3N A URBANISMO Y ESPACIOS P\u00daBLICOS.<\/strong><\/p>\n<p style=\"text-align: justify;\">Podr\u00e1n optar a esta nominaci\u00f3n, las distintas figuras de Planeamiento que hayan obtenido como m\u00ednimo la Aprobaci\u00f3n Inicial durante el per\u00edodo objeto de la convocatoria, o las distintas obras de intervenci\u00f3n en espacios p\u00fablicos de las ciudades, terminadas en el citado per\u00edodo. Se valorar\u00e1n los trabajos referidos tanto a zonas consolidadas como de nueva extensi\u00f3n que supongan la soluci\u00f3n a los problemas planteados y mejoren la estructura del espacio urbano, as\u00ed como parques, jardines, plazas, obras de infraestructuras, tratamientos de medianer\u00edas, mobiliario urbano y objetos referenciales o simb\u00f3licos.<\/p>\n<p>La acreditaci\u00f3n de su finalizaci\u00f3n se realizar\u00e1 de forma similar a la establecida en el p\u00e1rrafo anterior.<\/p>\n<p>&nbsp;<\/p>\n<p><strong>PRESENTACI\u00d3N.<\/strong><\/p>\n<p>La presentaci\u00f3n de las propuestas podr\u00e1 hacerse de alguna de las siguientes:<\/p>\n<p>&#8211;\u00a0\u00a0 Directamente por el (los) Arquitecto(s) autor(es) del Proyecto.<\/p>\n<p>&#8211;\u00a0\u00a0 Por cualquiera de las instituciones u organismos colaboradores en esta convocatoria, as\u00ed como sus afiliados a t\u00edtulo individual, en nombre propio o a favor de otro compa\u00f1ero.<\/p>\n<p>&#8211;\u00a0\u00a0 Las instituciones de car\u00e1cter cultural con sede en nuestra provincia.<\/p>\n<p>&#8211;\u00a0\u00a0 Los distintos \u00f3rganos de la Administraci\u00f3n Central, Auton\u00f3mica o Local.<\/p>\n<p>&#8211;\u00a0\u00a0 Por el Jurado o cualesquiera de sus miembros, motivadamente, a la hora de su constituci\u00f3n.<\/p>\n<p><strong>El plazo de presentaci\u00f3n de propuestas finalizar\u00e1 24 febrero de 2020, a las 14:00 horas<\/strong>, y ser\u00e1n remitidas a la Secretar\u00eda T\u00e9cnica del Colegio, sito en calle Almenas n\u00ba. 1 de Ja\u00e9n.<\/p>\n<p>&nbsp;<\/p>\n<p><strong>DOCUMENTACI\u00d3N.<\/strong><\/p>\n<p style=\"text-align: justify;\">La documentaci\u00f3n se presentar\u00e1 montada en panel ligero (cart\u00f3n pluma o similar) de dimensiones A1 (840 cm. x 594 cm), sin marco ni cristal, en n\u00famero m\u00e1ximo de 2 paneles por trabajo y contendr\u00e1 el material necesario para la comprensi\u00f3n de la obra: planos, fotos, memoria, dibujos, textos, etc., as\u00ed como, en su caso, documentaci\u00f3n relativa al estado anterior.<\/p>\n<p style=\"text-align: justify;\">Se presentar\u00e1 copia de la documentaci\u00f3n en formato A4 y soporte digital (los planos en formatos dwg, o en formato jpg o tiff con resoluci\u00f3n adecuada para su impresi\u00f3n, as\u00ed como copia digital de los paneles), Para facilitar la posterior publicaci\u00f3n, deber\u00e1 incluir la plantilla debidamente cumplimentada en los condiciones establecidas al efecto (resoluci\u00f3n, formato, etc, \u2026). Esta plantilla se facilitar\u00e1 a los concursantes en el apartado correspondiente al concurso de la web (dicha plantilla se insertar\u00e1 una vez consensuada con la imprenta).<\/p>\n<p style=\"text-align: center;\"><span style=\"color: #0000ff;\"><strong>&#8211; <a style=\"color: #0000ff;\" href=\"http:\/\/coajaen.org\/descargas\/PLANTILLA_X_PREMIO_PROVINCIAL.pdf\">DESCARGAR PLANTILLA<\/a> &#8211;<\/strong><\/span><\/p>\n<p>Se establece una dotaci\u00f3n econ\u00f3mica de hasta 1.500 \u20ac, para distribuir entre aquellos trabajos nominados, en la cuant\u00eda de 70 \u20ac\/trabajo, y a los que, a criterio del Jurado, proceda la correspondiente asignaci\u00f3n, para soportar los gastos de confecci\u00f3n de los paneles.<\/p>\n<p>La composici\u00f3n ser\u00e1 libre y, en todo caso, al pie y en recuadro de dimensiones A5 (210 cm. x 149 cm.), se indicar\u00e1n los siguientes datos:<\/p>\n<p>&#8211; T\u00edtulo de la obra, situaci\u00f3n, y fechas de inicio y finalizaci\u00f3n.<\/p>\n<p>&#8211; Proyectista(s), Director(es) de obra. Director(es) de Ejecuci\u00f3n de Obra. Promotor y Constructor, as\u00ed como Colaborador(es), en su caso.<\/p>\n<p>&nbsp;<\/p>\n<p><strong>COMPOSICI\u00d3N DEL JURADO.<\/strong><\/p>\n<p>La composici\u00f3n del Jurado ser\u00e1 la siguiente:<\/p>\n<p>Presidente:\u00a0 &#8211; El Decano del Colegio Oficial de Arquitectos de Ja\u00e9n, o persona en qui\u00e9n delegue.<\/p>\n<p>Vocales:\u00a0\u00a0\u00a0\u00a0\u00a0 &#8211; Arquitecto de reconocido prestigio, designado por el Colegio Oficial de Arquitectos de Ja\u00e9n.<\/p>\n<p>&#8211; Arquitecto representante de los concursantes (de entre una terna propuesta por el Colegio Oficial de Arquitectos de Ja\u00e9n).<\/p>\n<p>&#8211; Representante de las Instituciones colaboradoras, en su caso.<\/p>\n<p>Secretario:\u00a0 &#8211; El del Colegio Oficial de Arquitectos de Ja\u00e9n.<\/p>\n<p style=\"text-align: justify;\">No podr\u00e1n desempe\u00f1ar la funci\u00f3n de Jurado, qui\u00e9n guarde con alguno de los concursantes relaci\u00f3n profesional habitual, como socio o colaborador, que determine un deber legal o deontol\u00f3gico de abstenciones.<\/p>\n<p style=\"text-align: justify;\">El Jurado se constituir\u00e1 dentro del plazo del mes siguiente a partir del d\u00eda de finalizaci\u00f3n de la presentaci\u00f3n de la convocatoria, emitiendo el fallo de forma razonada e inapelable y comunic\u00e1ndose a los autores y medios de comunicaci\u00f3n, haci\u00e9ndose p\u00fablico el fallo mediante circular colegial y remisi\u00f3n a los medios de comunicaci\u00f3n del mismo.<\/p>\n<p>&nbsp;<\/p>\n<p><strong>PREMIOS.<\/strong><\/p>\n<p style=\"text-align: justify;\">El Premio Provincial consistir\u00e1 en una escultura de Bronce, dise\u00f1ada al efecto por el artista y arquitecto D. Enrique Arredondo Mu\u00f1oz-Cobo, en la que se har\u00e1 constar el X PREMIO PROVINCIAL DE ARQUITECTURA \u201cANDR\u00c9S DE VANDELVIRA\u201d &#8211; COLEGIO OFICIAL DE ARQUITECTOS DE JA\u00c9N.<\/p>\n<p>La citada escultura ser\u00e1 entregada al(os) Arquitecto(s) autor(es) del proyecto.<\/p>\n<p style=\"text-align: justify;\">Asimismo, se entregar\u00e1 a todos los agentes intervinientes: Proyectista(s), Director(es) de obra. Director(es) de Ejecuci\u00f3n de Obra. Promotor y Constructor, as\u00ed como Colaborador(es), un Diploma acreditativo del citado premio.<\/p>\n<p style=\"text-align: justify;\">De igual forma, se entregar\u00e1n sendos Diplomas al resto de Nominaciones que no hayan obtenido el Premio Provincial, haci\u00e9ndose constar en ellos como Nominaci\u00f3n a la Mejor Intervenci\u00f3n en su Categor\u00eda.<\/p>\n<p>&nbsp;<\/p>\n<p><strong>EXPOSICI\u00d3N Y PUBLICACI\u00d3N DE TRABAJOS.<\/strong><\/p>\n<p style=\"text-align: justify;\">La entidad convocante se reserva el derecho de publicar y hacer exposiciones con la documentaci\u00f3n de las obras presentadas, con renuncia por parte de los agentes intervinientes directamente en las obras de copyright y cualquier otro derecho de reproducci\u00f3n.<\/p>\n<p style=\"text-align: justify;\">Los autores de los proyectos no premiados podr\u00e1n pedir la devoluci\u00f3n de la documentaci\u00f3n presentada, que ser\u00e1 remitida por la entidad convocante en los plazos que se determinen al efecto.<\/p>\n<p>&nbsp;<\/p>\n<p><strong>RESOLUCIONES Y ACEPTACI\u00d3N DE LAS BASES.<\/strong><\/p>\n<p style=\"text-align: justify;\">Si a juicio un\u00e1nime del Jurado, no tienen calidad suficiente los trabajos admitidos, podr\u00e1 declararse desierto el PREMIO PROVINCIAL, concedi\u00e9ndose s\u00f3lo Diplomas a las nominaciones.<\/p>\n<p style=\"text-align: justify;\">Si el n\u00famero total de trabajos presentados fuese inferior a doce, o a cuatro en alguna de las nominaciones, el Colegio Oficial de Arquitectos podr\u00e1 suspender de forma unilateral o inapelable esta convocatoria o dejar exenta la adjudicaci\u00f3n de la nominaci\u00f3n correspondiente.<\/p>\n<p style=\"text-align: justify;\">Las resoluciones y fallos ser\u00e1n inapelables, entendi\u00e9ndose a estos efectos que la participaci\u00f3n en el Concurso supone la aceptaci\u00f3n de las Bases de la convocatoria y su resoluci\u00f3n.<\/p>\n<p>Lo que se comunica para general conocimiento.<\/p>\n<p>&nbsp;<\/p>\n<p>&nbsp;<\/td>\n<\/tr>\n<\/tbody>\n<\/table>\n<p>[\/vc_column_text][\/vc_column][\/vc_row]<\/p>\n","protected":false},"excerpt":{"rendered":"<p>[vc_row full_width=\u00bbstretch_row\u00bb][vc_column css=\u00bb.vc_custom_1548238276201{margin-top: 15px !important;margin-bottom: 15px !important;}\u00bb][vc_column_text css=\u00bb.vc_custom_1580833251658{margin-bottom: 10px !important;}\u00bb] X PREMIO PROVINCIAL DE ARQUITECTURA Y URBANISMO \u201cANDR\u00c9S DE VANDELVIRA\u201d. BASES \u2013 2020 El Colegio Oficial de Arquitectos de Ja\u00e9n, con la colaboraci\u00f3n de Instituciones y Organismos interesados, con motivo de incentivar y distinguir las iniciativas y actuaciones que incidan favorablemente en los \u00e1mbitos de [&hellip;]<\/p>\n","protected":false},"author":1,"featured_media":2482,"comment_status":"open","ping_status":"open","sticky":false,"template":"","format":"standard","meta":{"_et_pb_use_builder":"","_et_pb_old_content":"","_et_gb_content_width":"","footnotes":""},"categories":[1],"tags":[],"class_list":["post-2480","post","type-post","status-publish","format-standard","has-post-thumbnail","hentry","category-uncategorized"],"_links":{"self":[{"href":"https:\/\/arquitectosdejaen.es\/index.php?rest_route=\/wp\/v2\/posts\/2480","targetHints":{"allow":["GET"]}}],"collection":[{"href":"https:\/\/arquitectosdejaen.es\/index.php?rest_route=\/wp\/v2\/posts"}],"about":[{"href":"https:\/\/arquitectosdejaen.es\/index.php?rest_route=\/wp\/v2\/types\/post"}],"author":[{"embeddable":true,"href":"https:\/\/arquitectosdejaen.es\/index.php?rest_route=\/wp\/v2\/users\/1"}],"replies":[{"embeddable":true,"href":"https:\/\/arquitectosdejaen.es\/index.php?rest_route=%2Fwp%2Fv2%2Fcomments&post=2480"}],"version-history":[{"count":6,"href":"https:\/\/arquitectosdejaen.es\/index.php?rest_route=\/wp\/v2\/posts\/2480\/revisions"}],"predecessor-version":[{"id":2853,"href":"https:\/\/arquitectosdejaen.es\/index.php?rest_route=\/wp\/v2\/posts\/2480\/revisions\/2853"}],"wp:featuredmedia":[{"embeddable":true,"href":"https:\/\/arquitectosdejaen.es\/index.php?rest_route=\/wp\/v2\/media\/2482"}],"wp:attachment":[{"href":"https:\/\/arquitectosdejaen.es\/index.php?rest_route=%2Fwp%2Fv2%2Fmedia&parent=2480"}],"wp:term":[{"taxonomy":"category","embeddable":true,"href":"https:\/\/arquitectosdejaen.es\/index.php?rest_route=%2Fwp%2Fv2%2Fcategories&post=2480"},{"taxonomy":"post_tag","embeddable":true,"href":"https:\/\/arquitectosdejaen.es\/index.php?rest_route=%2Fwp%2Fv2%2Ftags&post=2480"}],"curies":[{"name":"wp","href":"https:\/\/api.w.org\/{rel}","templated":true}]}}