{"id":2508,"date":"2020-01-21T18:15:26","date_gmt":"2020-01-21T17:15:26","guid":{"rendered":"https:\/\/arquitectosdejaen.es\/blog\/2020\/01\/21\/bimtour-jaen-aapp-copy\/"},"modified":"2020-02-14T13:39:41","modified_gmt":"2020-02-14T12:39:41","slug":"bimtour-jaen-profesionales","status":"publish","type":"post","link":"https:\/\/arquitectosdejaen.es\/?p=2508","title":{"rendered":"Jornada &#8216;BIM para Arquitectos y profesionales del sector AECO&#8217;."},"content":{"rendered":"<p>[vc_row full_width=\u00bbstretch_row\u00bb][vc_column css=\u00bb.vc_custom_1548238276201{margin-top: 15px !important;margin-bottom: 15px !important;}\u00bb][vc_column_text]<\/p>\n<h2>Jornada &#8216;BIM para Arquitectos y profesionales del sector AECO&#8217;.<\/h2>\n<h3>Colegio de Arquitectos de Ja\u00e9n &#8211; Ja\u00e9n, 27 de febrero, a las 16:00 horas.<\/h3>\n<p style=\"text-align: justify;\"><img loading=\"lazy\" decoding=\"async\" class=\"wp-image-2510 size-full alignnone\" src=\"https:\/\/arquitectosdejaen.es\/wp-content\/uploads\/Imagenes\/BIMtour-jaen-profesionales.png\" alt=\"\" width=\"594\" height=\"296\" srcset=\"https:\/\/arquitectosdejaen.es\/wp-content\/uploads\/Imagenes\/BIMtour-jaen-profesionales.png 594w, https:\/\/arquitectosdejaen.es\/wp-content\/uploads\/Imagenes\/BIMtour-jaen-profesionales-480x239.png 480w\" sizes=\"(min-width: 0px) and (max-width: 480px) 480px, (min-width: 481px) 594px, 100vw\" \/><\/p>\n<p style=\"text-align: justify;\">El <strong>Colegio de Arquitectos de Ja\u00e9n<\/strong> junto con <strong>BIM Academy<\/strong> organizan una nueva sesi\u00f3n gratuita de BIMtour el pr\u00f3ximo 27 de febrero de 2020 en el Colegio de Arquitectos de Ja\u00e9n para responder a las inquietudes que genera el BIM.<\/p>\n<p style=\"text-align: justify;\">El sector de la construcci\u00f3n vinculado a la Administraci\u00f3n P\u00fablica est\u00e1 asistiendo a cambios de gran trascendencia. Por parte del Ministerio de Fomento ya se ha aprobado que: tanto las licitaciones de obra p\u00fablica de edificaci\u00f3n como las de edificaci\u00f3n deben incorporar requisitos BIM. Las grandes empresas privadas ya est\u00e1n ejecutando un gran n\u00famero de proyectos con los requisitos.<\/p>\n<p><strong>Objetivo de la jornada:<\/strong><\/p>\n<p style=\"text-align: justify;\">La jornada, de tres horas de duraci\u00f3n, presentar\u00e1 qu\u00e9 es el BIM, \u00bfc\u00f3mo implantar el BIM en los estudios de Arquitectura?, \u00bfqu\u00e9 pasos hay que seguir?, \u00bfqu\u00e9 softwares puedo utilizar?, \u00bfc\u00f3mo trabajar con nubes de puntos?, \u00bfqu\u00e9 beneficios tiene trabajar con la metodolog\u00eda BIM?<\/p>\n<p style=\"text-align: left;\"><strong>Te interesa si eres\u2026<\/strong><\/p>\n<p style=\"text-align: justify;\">&#8211; Asociado o colegiado del COA de Ja\u00e9n.<br \/>\n&#8211; Un arquitecto, dise\u00f1ador, urbanista o paisajista que presta sus servicios de proyecto, programaci\u00f3n o planificaci\u00f3n a administraciones y entidades p\u00fablicas, a promotores y constructores privados, as\u00ed como a cualquier otro agente AECO de cualquier fase de la cadena de valor del sector de la construcci\u00f3n que precise subcontratar seg\u00fan requisitos BIM.<\/p>\n<p><strong>M\u00e1s informaci\u00f3n e inscripciones en:<\/strong><br \/>\n<a href=\"https:\/\/bimtour.net\/eventos\/bim-profesionales-jaen\/\">https:\/\/bimtour.net\/eventos\/bim-profesionales-jaen\/<\/a>[\/vc_column_text][\/vc_column][\/vc_row]<\/p>\n","protected":false},"excerpt":{"rendered":"<p>[vc_row full_width=\u00bbstretch_row\u00bb][vc_column css=\u00bb.vc_custom_1548238276201{margin-top: 15px !important;margin-bottom: 15px !important;}\u00bb][vc_column_text] Jornada &#8216;BIM para Arquitectos y profesionales del sector AECO&#8217;. Colegio de Arquitectos de Ja\u00e9n &#8211; Ja\u00e9n, 27 de febrero, a las 16:00 horas. El Colegio de Arquitectos de Ja\u00e9n junto con BIM Academy organizan una nueva sesi\u00f3n gratuita de BIMtour el pr\u00f3ximo 27 de febrero de 2020 en [&hellip;]<\/p>\n","protected":false},"author":1,"featured_media":2510,"comment_status":"open","ping_status":"open","sticky":false,"template":"","format":"standard","meta":{"_et_pb_use_builder":"","_et_pb_old_content":"","_et_gb_content_width":"","footnotes":""},"categories":[1],"tags":[],"class_list":["post-2508","post","type-post","status-publish","format-standard","has-post-thumbnail","hentry","category-uncategorized"],"_links":{"self":[{"href":"https:\/\/arquitectosdejaen.es\/index.php?rest_route=\/wp\/v2\/posts\/2508","targetHints":{"allow":["GET"]}}],"collection":[{"href":"https:\/\/arquitectosdejaen.es\/index.php?rest_route=\/wp\/v2\/posts"}],"about":[{"href":"https:\/\/arquitectosdejaen.es\/index.php?rest_route=\/wp\/v2\/types\/post"}],"author":[{"embeddable":true,"href":"https:\/\/arquitectosdejaen.es\/index.php?rest_route=\/wp\/v2\/users\/1"}],"replies":[{"embeddable":true,"href":"https:\/\/arquitectosdejaen.es\/index.php?rest_route=%2Fwp%2Fv2%2Fcomments&post=2508"}],"version-history":[{"count":2,"href":"https:\/\/arquitectosdejaen.es\/index.php?rest_route=\/wp\/v2\/posts\/2508\/revisions"}],"predecessor-version":[{"id":2511,"href":"https:\/\/arquitectosdejaen.es\/index.php?rest_route=\/wp\/v2\/posts\/2508\/revisions\/2511"}],"wp:featuredmedia":[{"embeddable":true,"href":"https:\/\/arquitectosdejaen.es\/index.php?rest_route=\/wp\/v2\/media\/2510"}],"wp:attachment":[{"href":"https:\/\/arquitectosdejaen.es\/index.php?rest_route=%2Fwp%2Fv2%2Fmedia&parent=2508"}],"wp:term":[{"taxonomy":"category","embeddable":true,"href":"https:\/\/arquitectosdejaen.es\/index.php?rest_route=%2Fwp%2Fv2%2Fcategories&post=2508"},{"taxonomy":"post_tag","embeddable":true,"href":"https:\/\/arquitectosdejaen.es\/index.php?rest_route=%2Fwp%2Fv2%2Ftags&post=2508"}],"curies":[{"name":"wp","href":"https:\/\/api.w.org\/{rel}","templated":true}]}}