{"id":3198,"date":"2020-03-17T17:59:40","date_gmt":"2020-03-17T16:59:40","guid":{"rendered":"https:\/\/arquitectosdejaen.es\/blog\/2020\/03\/17\/jornada-inicio-actividad-2020-copy-copy\/"},"modified":"2020-06-22T10:02:59","modified_gmt":"2020-06-22T08:02:59","slug":"organizacion-administrativa-covid19","status":"publish","type":"post","link":"https:\/\/arquitectosdejaen.es\/?p=3198","title":{"rendered":"Organizaci\u00f3n administrativa y de atenci\u00f3n a los usuarios. Covid-19 comunicaci\u00f3n medidas de prevenci\u00f3n."},"content":{"rendered":"<p>[vc_row full_width=\u00bbstretch_row\u00bb][vc_column css=\u00bb.vc_custom_1548238276201{margin-top: 15px !important;margin-bottom: 15px !important;}\u00bb][vc_column_text]<\/p>\n<h1 style=\"text-align: justify; line-height: 150%;\">Organizaci\u00f3n administrativa y de atenci\u00f3n a los usuarios. Covid-19 comunicaci\u00f3n medidas de prevenci\u00f3n.<\/h1>\n<p style=\"text-align: justify; line-height: 200%;\">En base a lo establecido en el Decreto de Estado de Alarma aprobado por el Gobierno, se informa que las <b>DEPENDENCIAS F\u00cdSICAS PERMANECER\u00c1N CERRADAS<\/b> al p\u00fablico hasta la fecha de finalizaci\u00f3n del mismo.<\/p>\n<hr \/>\n<p style=\"text-align: justify; line-height: 200%;\"><b>ATENCI\u00d3N AL P\u00daBLICO Y USUARIOS:<\/b><br \/>\nLa atenci\u00f3n al p\u00fablico se mantendr\u00e1 operativa a trav\u00e9s de la <span style=\"color: #ff0000;\"><strong><a style=\"color: #ff0000;\" href=\"http:\/\/www.coajaen.org\/ventanilla\/ventanilla.asp\">VENTANILLA \u00daNICA<\/a><\/strong><\/span> de la web del Colegio de Arquitectos.<br \/>\nIgualmente, se podr\u00e1 depositar la correspondencia en soporte papel en el buz\u00f3n sito en C\/ Almenas (junto a la reja del patio posterior del edificio).<br \/>\nEstar\u00e1 operativo, en horario de 9 a 14 horas, el tel\u00e9fono <strong>644 33 39 52<\/strong>.<\/p>\n<hr \/>\n<p style=\"text-align: justify; line-height: 200%;\"><span style=\"color: #ff0000;\"><strong><a style=\"color: #ff0000;\" href=\"http:\/\/www.coajaen.org\/registro\/IdentificacionDescarga.asp?enlace=DB0A816480F74A739570BE11FA112580A458856ED29266D3&amp;error=0\"> M\u00c1S INFORMACI\u00d3N SOBRE ORGANIZACI\u00d3N ADMINISTRATIVA Y DE ATENCI\u00d3N A LOS USUARIOS, PULSANDO AQU\u00cd. <\/a><\/strong><\/span><\/p>\n<p>[\/vc_column_text][\/vc_column][\/vc_row]<\/p>\n","protected":false},"excerpt":{"rendered":"<p>[vc_row full_width=\u00bbstretch_row\u00bb][vc_column css=\u00bb.vc_custom_1548238276201{margin-top: 15px !important;margin-bottom: 15px !important;}\u00bb][vc_column_text] Organizaci\u00f3n administrativa y de atenci\u00f3n a los usuarios. Covid-19 comunicaci\u00f3n medidas de prevenci\u00f3n. En base a lo establecido en el Decreto de Estado de Alarma aprobado por el Gobierno, se informa que las DEPENDENCIAS F\u00cdSICAS PERMANECER\u00c1N CERRADAS al p\u00fablico hasta la fecha de finalizaci\u00f3n del mismo. ATENCI\u00d3N AL [&hellip;]<\/p>\n","protected":false},"author":1,"featured_media":3329,"comment_status":"open","ping_status":"open","sticky":false,"template":"","format":"standard","meta":{"_et_pb_use_builder":"","_et_pb_old_content":"","_et_gb_content_width":"","footnotes":""},"categories":[1],"tags":[],"class_list":["post-3198","post","type-post","status-publish","format-standard","has-post-thumbnail","hentry","category-uncategorized"],"_links":{"self":[{"href":"https:\/\/arquitectosdejaen.es\/index.php?rest_route=\/wp\/v2\/posts\/3198","targetHints":{"allow":["GET"]}}],"collection":[{"href":"https:\/\/arquitectosdejaen.es\/index.php?rest_route=\/wp\/v2\/posts"}],"about":[{"href":"https:\/\/arquitectosdejaen.es\/index.php?rest_route=\/wp\/v2\/types\/post"}],"author":[{"embeddable":true,"href":"https:\/\/arquitectosdejaen.es\/index.php?rest_route=\/wp\/v2\/users\/1"}],"replies":[{"embeddable":true,"href":"https:\/\/arquitectosdejaen.es\/index.php?rest_route=%2Fwp%2Fv2%2Fcomments&post=3198"}],"version-history":[{"count":13,"href":"https:\/\/arquitectosdejaen.es\/index.php?rest_route=\/wp\/v2\/posts\/3198\/revisions"}],"predecessor-version":[{"id":3218,"href":"https:\/\/arquitectosdejaen.es\/index.php?rest_route=\/wp\/v2\/posts\/3198\/revisions\/3218"}],"wp:featuredmedia":[{"embeddable":true,"href":"https:\/\/arquitectosdejaen.es\/index.php?rest_route=\/wp\/v2\/media\/3329"}],"wp:attachment":[{"href":"https:\/\/arquitectosdejaen.es\/index.php?rest_route=%2Fwp%2Fv2%2Fmedia&parent=3198"}],"wp:term":[{"taxonomy":"category","embeddable":true,"href":"https:\/\/arquitectosdejaen.es\/index.php?rest_route=%2Fwp%2Fv2%2Fcategories&post=3198"},{"taxonomy":"post_tag","embeddable":true,"href":"https:\/\/arquitectosdejaen.es\/index.php?rest_route=%2Fwp%2Fv2%2Ftags&post=3198"}],"curies":[{"name":"wp","href":"https:\/\/api.w.org\/{rel}","templated":true}]}}