{"id":3331,"date":"2020-03-31T20:49:36","date_gmt":"2020-03-31T18:49:36","guid":{"rendered":"https:\/\/arquitectosdejaen.es\/blog\/2020\/03\/31\/la-voz-del-arquitecto-31-03-2020-copy\/"},"modified":"2020-07-07T12:15:19","modified_gmt":"2020-07-07T10:15:19","slug":"concurso-dibujo","status":"publish","type":"post","link":"https:\/\/arquitectosdejaen.es\/?p=3331","title":{"rendered":"V CONCURSO NACIONAL DE DIBUJO: \u201cLA CIUDAD DESDE TU VENTANA\u201d \/ \u201cTU PUEBLO DESDE TU VENTANA\u201d."},"content":{"rendered":"<p>[vc_row full_width=\u00bbstretch_row\u00bb][vc_column css=\u00bb.vc_custom_1548238276201{margin-top: 15px !important;margin-bottom: 15px !important;}\u00bb][vc_column_text]<\/p>\n<h5 style=\"text-align: center;\"><strong>V CONCURSO NACIONAL DE DIBUJO<\/strong><\/h5>\n<h5 style=\"text-align: center;\"><strong>\u201cLA CIUDAD DESDE TU VENTANA\u201d \/ \u201cTU PUEBLO DESDE TU VENTANA\u201d.<\/strong><\/h5>\n<p style=\"text-align: center; font-size: 12px;\">Ante las circunstancias actuales de estancia en nuestras viviendas debido al decretado Estado de Alerta, el Colegio Oficial de Arquitectos, convoca el\u00a0<strong>V CONCURSO NACIONAL DE DIBUJO: <\/strong><strong>\u201cLA CIUDAD DESDE TU VENTANA\u201d \/ \u201cTU PUEBLO DESDE TU VENTANA\u201d.<\/strong><\/p>\n<p><img loading=\"lazy\" decoding=\"async\" class=\"aligncenter wp-image-3715 size-full\" src=\"https:\/\/arquitectosdejaen.es\/wp-content\/uploads\/Imagenes\/ImagenVConcursoDibujo_F.jpg\" alt=\"\" width=\"780\" height=\"413\" srcset=\"https:\/\/arquitectosdejaen.es\/wp-content\/uploads\/Imagenes\/ImagenVConcursoDibujo_F.jpg 780w, https:\/\/arquitectosdejaen.es\/wp-content\/uploads\/Imagenes\/ImagenVConcursoDibujo_F-480x254.jpg 480w\" sizes=\"(min-width: 0px) and (max-width: 480px) 480px, (min-width: 481px) 780px, 100vw\" \/><\/p>\n<p>&nbsp;<\/p>\n<h5 style=\"text-align: center;\"><span style=\"color: #3366ff;\"><strong><a style=\"color: #3366ff;\" href=\"https:\/\/arquitectosdejaen.es\/concurso-dibujo\/\">M\u00e1s informaci\u00f3n, pulsando aqu\u00ed.<\/a><\/strong><\/span><\/h5>\n<p>[\/vc_column_text][\/vc_column][\/vc_row][vc_row][vc_column][vc_column_text]<\/p>\n<p>[\/vc_column_text][\/vc_column][\/vc_row][vc_row][vc_column][vc_column_text]<\/p>\n<p>[\/vc_column_text][\/vc_column][\/vc_row]<\/p>\n","protected":false},"excerpt":{"rendered":"<p>[vc_row full_width=\u00bbstretch_row\u00bb][vc_column css=\u00bb.vc_custom_1548238276201{margin-top: 15px !important;margin-bottom: 15px !important;}\u00bb][vc_column_text] V CONCURSO NACIONAL DE DIBUJO \u201cLA CIUDAD DESDE TU VENTANA\u201d \/ \u201cTU PUEBLO DESDE TU VENTANA\u201d. Ante las circunstancias actuales de estancia en nuestras viviendas debido al decretado Estado de Alerta, el Colegio Oficial de Arquitectos, convoca el\u00a0V CONCURSO NACIONAL DE DIBUJO: \u201cLA CIUDAD DESDE TU VENTANA\u201d \/ [&hellip;]<\/p>\n","protected":false},"author":1,"featured_media":3715,"comment_status":"open","ping_status":"open","sticky":false,"template":"","format":"standard","meta":{"_et_pb_use_builder":"","_et_pb_old_content":"","_et_gb_content_width":"","footnotes":""},"categories":[1],"tags":[],"class_list":["post-3331","post","type-post","status-publish","format-standard","has-post-thumbnail","hentry","category-uncategorized"],"_links":{"self":[{"href":"https:\/\/arquitectosdejaen.es\/index.php?rest_route=\/wp\/v2\/posts\/3331","targetHints":{"allow":["GET"]}}],"collection":[{"href":"https:\/\/arquitectosdejaen.es\/index.php?rest_route=\/wp\/v2\/posts"}],"about":[{"href":"https:\/\/arquitectosdejaen.es\/index.php?rest_route=\/wp\/v2\/types\/post"}],"author":[{"embeddable":true,"href":"https:\/\/arquitectosdejaen.es\/index.php?rest_route=\/wp\/v2\/users\/1"}],"replies":[{"embeddable":true,"href":"https:\/\/arquitectosdejaen.es\/index.php?rest_route=%2Fwp%2Fv2%2Fcomments&post=3331"}],"version-history":[{"count":31,"href":"https:\/\/arquitectosdejaen.es\/index.php?rest_route=\/wp\/v2\/posts\/3331\/revisions"}],"predecessor-version":[{"id":3717,"href":"https:\/\/arquitectosdejaen.es\/index.php?rest_route=\/wp\/v2\/posts\/3331\/revisions\/3717"}],"wp:featuredmedia":[{"embeddable":true,"href":"https:\/\/arquitectosdejaen.es\/index.php?rest_route=\/wp\/v2\/media\/3715"}],"wp:attachment":[{"href":"https:\/\/arquitectosdejaen.es\/index.php?rest_route=%2Fwp%2Fv2%2Fmedia&parent=3331"}],"wp:term":[{"taxonomy":"category","embeddable":true,"href":"https:\/\/arquitectosdejaen.es\/index.php?rest_route=%2Fwp%2Fv2%2Fcategories&post=3331"},{"taxonomy":"post_tag","embeddable":true,"href":"https:\/\/arquitectosdejaen.es\/index.php?rest_route=%2Fwp%2Fv2%2Ftags&post=3331"}],"curies":[{"name":"wp","href":"https:\/\/api.w.org\/{rel}","templated":true}]}}