{"id":4268,"date":"2021-03-15T12:21:35","date_gmt":"2021-03-15T11:21:35","guid":{"rendered":"https:\/\/arquitectosdejaen.es\/?p=4268"},"modified":"2021-03-22T10:01:04","modified_gmt":"2021-03-22T09:01:04","slug":"ciclo-de-conferencias-la-poetica-del-material","status":"publish","type":"post","link":"https:\/\/arquitectosdejaen.es\/?p=4268","title":{"rendered":"CICLO DE CONFERENCIAS &#8216;LA PO\u00c9TICA DEL MATERIAL&#8217;"},"content":{"rendered":"<p>[et_pb_section fb_built=\u00bb1&#8243; _builder_version=\u00bb4.7.4&#8243; _module_preset=\u00bbdefault\u00bb][et_pb_row _builder_version=\u00bb4.7.4&#8243; _module_preset=\u00bbdefault\u00bb][et_pb_column type=\u00bb4_4&#8243; _builder_version=\u00bb4.7.4&#8243; _module_preset=\u00bbdefault\u00bb][et_pb_text _builder_version=\u00bb4.7.4&#8243; _module_preset=\u00bbdefault\u00bb]<\/p>\n<h2 style=\"text-align: justify;\"><strong>CICLO DE CONFERENCIAS \u2018LA PO\u00c9TICA DEL MATERIAL\u2019<\/strong><\/h2>\n<p>[\/et_pb_text][et_pb_image src=\u00bbhttps:\/\/arquitectosdejaen.es\/wp-content\/uploads\/Imagenes\/Conferencia_Creus_e_Carrasco.jpg\u00bb title_text=\u00bbConferencia_Creus_e_Carrasco.jpg\u00bb _builder_version=\u00bb4.7.4&#8243; _module_preset=\u00bbdefault\u00bb][\/et_pb_image][et_pb_text _builder_version=\u00bb4.7.4&#8243; _module_preset=\u00bbdefault\u00bb]<\/p>\n<p style=\"text-align: justify;\">El pr\u00f3ximo<strong> jueves, d\u00eda 18 de marzo<\/strong>, a las <strong>19:30h<\/strong>, tendr\u00e1 lugar a trav\u00e9s de streaming una conferencia de los arquitectos\u00a0<strong>Creus e Carrasco<\/strong> organizada por este Colegio en la que nos explicar\u00e1n una selecci\u00f3n de trabajos realizados.<\/p>\n<p>&nbsp;<\/p>\n<p style=\"text-align: justify;\">Esta actividad contin\u00faa el ciclo de conferencias titulado \u201cLa po\u00e9tica del Material\u201d, para el cual hemos seleccionado a una serie de estudios de arquitectura que ponen al material en el centro de su discurso creativo, haci\u00e9ndolo protagonista.<\/p>\n<p>&nbsp;<\/p>\n<p style=\"text-align: center;\"><span style=\"font-size: x-large;\"><strong><a href=\"https:\/\/teams.microsoft.com\/l\/meetup-join\/19%3a94ac3c62e7364ee4bccbe31e50a36c04%40thread.tacv2\/1615552903781?context=%7b%22Tid%22%3a%22c0b713d9-28c0-4f57-a865-155534296fb5%22%2c%22Oid%22%3a%22e59a351e-b2e8-49e6-8897-c2451a2b9596%22%7d\">Pulsa aqu\u00ed para unirte a la Conferencia<\/a><\/strong><\/span><\/p>\n<p>[\/et_pb_text][\/et_pb_column][\/et_pb_row][\/et_pb_section]<\/p>\n","protected":false},"excerpt":{"rendered":"<p>CICLO DE CONFERENCIAS \u2018LA PO\u00c9TICA DEL MATERIAL\u2019El pr\u00f3ximo jueves, d\u00eda 18 de marzo, a las 19:30h, tendr\u00e1 lugar a trav\u00e9s de streaming una conferencia de los arquitectos\u00a0Creus e Carrasco organizada por este Colegio en la que nos explicar\u00e1n una selecci\u00f3n de trabajos realizados. &nbsp; Esta actividad contin\u00faa el ciclo de conferencias titulado \u201cLa po\u00e9tica del [&hellip;]<\/p>\n","protected":false},"author":1,"featured_media":4270,"comment_status":"closed","ping_status":"closed","sticky":false,"template":"","format":"standard","meta":{"_et_pb_use_builder":"on","_et_pb_old_content":"","_et_gb_content_width":"","footnotes":""},"categories":[18],"tags":[],"class_list":["post-4268","post","type-post","status-publish","format-standard","has-post-thumbnail","hentry","category-conferencia"],"_links":{"self":[{"href":"https:\/\/arquitectosdejaen.es\/index.php?rest_route=\/wp\/v2\/posts\/4268","targetHints":{"allow":["GET"]}}],"collection":[{"href":"https:\/\/arquitectosdejaen.es\/index.php?rest_route=\/wp\/v2\/posts"}],"about":[{"href":"https:\/\/arquitectosdejaen.es\/index.php?rest_route=\/wp\/v2\/types\/post"}],"author":[{"embeddable":true,"href":"https:\/\/arquitectosdejaen.es\/index.php?rest_route=\/wp\/v2\/users\/1"}],"replies":[{"embeddable":true,"href":"https:\/\/arquitectosdejaen.es\/index.php?rest_route=%2Fwp%2Fv2%2Fcomments&post=4268"}],"version-history":[{"count":5,"href":"https:\/\/arquitectosdejaen.es\/index.php?rest_route=\/wp\/v2\/posts\/4268\/revisions"}],"predecessor-version":[{"id":4277,"href":"https:\/\/arquitectosdejaen.es\/index.php?rest_route=\/wp\/v2\/posts\/4268\/revisions\/4277"}],"wp:featuredmedia":[{"embeddable":true,"href":"https:\/\/arquitectosdejaen.es\/index.php?rest_route=\/wp\/v2\/media\/4270"}],"wp:attachment":[{"href":"https:\/\/arquitectosdejaen.es\/index.php?rest_route=%2Fwp%2Fv2%2Fmedia&parent=4268"}],"wp:term":[{"taxonomy":"category","embeddable":true,"href":"https:\/\/arquitectosdejaen.es\/index.php?rest_route=%2Fwp%2Fv2%2Fcategories&post=4268"},{"taxonomy":"post_tag","embeddable":true,"href":"https:\/\/arquitectosdejaen.es\/index.php?rest_route=%2Fwp%2Fv2%2Ftags&post=4268"}],"curies":[{"name":"wp","href":"https:\/\/api.w.org\/{rel}","templated":true}]}}