{"id":489,"date":"2018-10-15T07:36:08","date_gmt":"2018-10-15T05:36:08","guid":{"rendered":"https:\/\/arquitectosdejaen.es\/titular-de-la-noticia-en-tres-lineas-para-contenidos-que-son-muy-largos-copy-copy-copy\/"},"modified":"2019-12-02T13:24:29","modified_gmt":"2019-12-02T12:24:29","slug":"ii-congreso-internacional-sobre-patrimonio-arquitectonico-en-la-provincia-de-jaen","status":"publish","type":"post","link":"https:\/\/arquitectosdejaen.es\/?p=489","title":{"rendered":"II Congreso Internacional sobre Patrimonio Arquitect\u00f3nico en la\u00a0Provincia de Ja\u00e9n"},"content":{"rendered":"<p>[vc_row full_width=\u00bbstretch_row\u00bb][vc_column][vc_row_inner][vc_column_inner el_class=\u00bbactualidad sin-filtro\u00bb][vc_single_image image=\u00bb750&#8243; img_size=\u00bbfull\u00bb el_class=\u00bbsingle\u00bb][vc_column_text]<strong>II Congreso Internacional sobre Patrimonio Arquitect\u00f3nico en la\u00a0<\/strong><strong>Provincia de Ja\u00e9n<\/strong>[\/vc_column_text][vc_column_text el_class=\u00bbcontenido\u00bb]<strong>LOS PAISAJES DEL OLIVAR: CASER\u00cdAS Y\u00a0<\/strong><strong>ARQUITECTURA MINERO INDUSTRIAL \u2013 REUSO<\/strong><\/p>\n<p><strong>LINARES (JA\u00c9N) \u2013 ESPA\u00d1A\u00a0\u00a0\u00a0\u00a0\u00a0\u00a0\u00a0\u00a0\u00a0\u00a0\u00a0\u00a0\u00a0\u00a0\u00a0\u00a0\u00a0\u00a0\u00a0\u00a0\u00a0\u00a0\u00a0\u00a0\u00a0\u00a0\u00a0\u00a0\u00a0\u00a0\u00a0\u00a0\u00a0\u00a0\u00a0\u00a0\u00a0\u00a0 25, 26 Y 27 de Octubre de 2018<\/strong><\/p>\n<p><a href=\"http:\/\/congreso.arquitectosdejaen.es\">Web del congreso<\/a><\/p>\n<p>Nos \u00a0adentramos en otro \u00e1mbito igualmente apasionante de la Arquitectura Patrimonial en nuestra provincia como es la Minero-Industrial situada en el Distrito Minero, de Linares- La Carolina,\u00a0 que fue durante lustros el mayor productor de plomo del mundo, y que nos ha dejado un extraordinario legado patrimonial, para ello hemos contado con la inestimable colaboraci\u00f3n del Colectivo Arrayanes de Linares.<\/p>\n<p>En relaci\u00f3n con la Arquitectura del Olivar, en este II Congreso, tratamos de complementar aquellos aspectos de inter\u00e9s, \u00a0que debido a su novedad o a las limitaciones de tiempo, no se pudieron exponer debidamente, en el pasado Congreso.<\/p>\n<p>Me refiero, entre otros, al valor que supone la visi\u00f3n de los arque\u00f3logos, que tantas aportaciones de gran valor, \u00e1 proporcionado al estudio de la industria y arquitectura del olivar en sus or\u00edgenes.<\/p>\n<p>\u00d3 al impulso que se est\u00e1 dando desde el sector, en colaboraci\u00f3n con la administraci\u00f3n, para \u00a0elaborar un expediente que \u00a0ponga en valor y caracterice a los paisajes del olivar, con el objetivo de alcanzar el galard\u00f3n de convertirse en\u00a0 Patrimonio de la Humanidad.<\/p>\n<p>Se trata de una iniciativa de suma importancia, dada la singularidad formal de este paisaje \u00fanico, en el que se combinan \u00a0la\u00a0 rigidez de la geometr\u00eda utilizada en\u00a0 la implantaci\u00f3n del olivar en el \u00a0territorio, alterada por las lindes entre parcelas o la vegetaci\u00f3n de ribera en riachuelos y arroyos. Con las monta\u00f1as de los distintos parques naturales de la provincia, que inevitablemente aparecen como un espectacular tel\u00f3n de fondo en contraste con las suaves lomas de la campi\u00f1a.<\/p>\n<p>Con la ponencia de Sheila Palomares, pretendemos continuar la difusi\u00f3n de la arquitectura industrial relacionada con el olivar, pero en esta ocasi\u00f3n no insistiremos en la destinada a la transformaci\u00f3n de la aceituna en aceite, (almazaras), en este \u00a0II Congreso pondremos la atenci\u00f3n en las intervenciones destinadas a dotar a la provincia de dep\u00f3sitos reguladores e industrias auxiliares del olivar.<\/p>\n<p>Por \u00faltimo la presencia de Luis Berges Roldan que hablar\u00e1 sobre las Caser\u00edas de Ja\u00e9n, supone el complemento a la visi\u00f3n sobre la arquitectura popular residencial, que en el pasado Congreso nos dieron Jacobo Berges y Vicente C\u00f3rcoles.<\/p>\n<p>En definitiva, una continuaci\u00f3n del anterior, que recoge alguna de las novedades de inter\u00e9s \u00a0que se han producido en estos dos a\u00f1os y complementa lo ya expuesto anteriormente.<\/p>\n<p>La gran novedad de este II-Congreso reside en la presencia de la arquitectura patrimonial\u00a0 Minero-Industrial, que goza de una importante representaci\u00f3n en la comarca de Linares- La Carolina.<\/p>\n<p>Los objetivos en este caso son similares a los del I Congreso, aunque l\u00f3gicamente sin la aportaci\u00f3n de las nuevas arquitecturas en este \u00e1mbito, pues como es sabida estas minas se encuentran abandonadas desde hace a\u00f1os.<\/p>\n<p>Continuamos con la preocupaci\u00f3n por el mantenimiento y conservaci\u00f3n de los restos patrimoniales, y para ello nos sigue pareciendo important\u00edsimo el ofrecer, ejemplos de reuso de arquitecturas industriales que han resultado exitosas, desde el punto de vista de la calidad de las mismas, y de la repercusi\u00f3n econ\u00f3mica positiva\u00a0 que han podido suponer\u00a0 para los inversores.<\/p>\n<p>Sin olvidar el conocimiento de la legislaci\u00f3n que afecta a cualquier intervenci\u00f3n en el patrimonio que nos ocupa.<\/p>\n<p>Esperamos que esta nueva convocatoria del Colegio Oficial de Arquitectos de Ja\u00e9n, cumpla de nuevo sus objetivos y el Congreso resulte de inter\u00e9s, para\u00a0 profesionales e interesados\u00a0 colaborando a poner en valor el rico patrimonio arquitect\u00f3nico de esta provincia, y ayudando como es nuestro deseo, al desarrollo socio-econ\u00f3mico de\u00a0 la provincia de Ja\u00e9n.[\/vc_column_text][\/vc_column_inner][\/vc_row_inner][\/vc_column][\/vc_row]<\/p>\n","protected":false},"excerpt":{"rendered":"<p>[vc_row full_width=\u00bbstretch_row\u00bb][vc_column][vc_row_inner][vc_column_inner el_class=\u00bbactualidad sin-filtro\u00bb][vc_single_image image=\u00bb750&#8243; img_size=\u00bbfull\u00bb el_class=\u00bbsingle\u00bb][vc_column_text]II Congreso Internacional sobre Patrimonio Arquitect\u00f3nico en la\u00a0Provincia de Ja\u00e9n[\/vc_column_text][vc_column_text el_class=\u00bbcontenido\u00bb]LOS PAISAJES DEL OLIVAR: CASER\u00cdAS Y\u00a0ARQUITECTURA MINERO INDUSTRIAL \u2013 REUSO LINARES (JA\u00c9N) \u2013 ESPA\u00d1A\u00a0\u00a0\u00a0\u00a0\u00a0\u00a0\u00a0\u00a0\u00a0\u00a0\u00a0\u00a0\u00a0\u00a0\u00a0\u00a0\u00a0\u00a0\u00a0\u00a0\u00a0\u00a0\u00a0\u00a0\u00a0\u00a0\u00a0\u00a0\u00a0\u00a0\u00a0\u00a0\u00a0\u00a0\u00a0\u00a0\u00a0\u00a0 25, 26 Y 27 de Octubre de 2018 Web del congreso Nos \u00a0adentramos en otro \u00e1mbito igualmente apasionante de la Arquitectura Patrimonial en nuestra provincia [&hellip;]<\/p>\n","protected":false},"author":1,"featured_media":750,"comment_status":"open","ping_status":"open","sticky":false,"template":"","format":"standard","meta":{"_et_pb_use_builder":"","_et_pb_old_content":"","_et_gb_content_width":"","footnotes":""},"categories":[14],"tags":[],"class_list":["post-489","post","type-post","status-publish","format-standard","has-post-thumbnail","hentry","category-exposiciones"],"_links":{"self":[{"href":"https:\/\/arquitectosdejaen.es\/index.php?rest_route=\/wp\/v2\/posts\/489","targetHints":{"allow":["GET"]}}],"collection":[{"href":"https:\/\/arquitectosdejaen.es\/index.php?rest_route=\/wp\/v2\/posts"}],"about":[{"href":"https:\/\/arquitectosdejaen.es\/index.php?rest_route=\/wp\/v2\/types\/post"}],"author":[{"embeddable":true,"href":"https:\/\/arquitectosdejaen.es\/index.php?rest_route=\/wp\/v2\/users\/1"}],"replies":[{"embeddable":true,"href":"https:\/\/arquitectosdejaen.es\/index.php?rest_route=%2Fwp%2Fv2%2Fcomments&post=489"}],"version-history":[{"count":6,"href":"https:\/\/arquitectosdejaen.es\/index.php?rest_route=\/wp\/v2\/posts\/489\/revisions"}],"predecessor-version":[{"id":2344,"href":"https:\/\/arquitectosdejaen.es\/index.php?rest_route=\/wp\/v2\/posts\/489\/revisions\/2344"}],"wp:featuredmedia":[{"embeddable":true,"href":"https:\/\/arquitectosdejaen.es\/index.php?rest_route=\/wp\/v2\/media\/750"}],"wp:attachment":[{"href":"https:\/\/arquitectosdejaen.es\/index.php?rest_route=%2Fwp%2Fv2%2Fmedia&parent=489"}],"wp:term":[{"taxonomy":"category","embeddable":true,"href":"https:\/\/arquitectosdejaen.es\/index.php?rest_route=%2Fwp%2Fv2%2Fcategories&post=489"},{"taxonomy":"post_tag","embeddable":true,"href":"https:\/\/arquitectosdejaen.es\/index.php?rest_route=%2Fwp%2Fv2%2Ftags&post=489"}],"curies":[{"name":"wp","href":"https:\/\/api.w.org\/{rel}","templated":true}]}}