{"id":5729,"date":"2023-10-10T13:39:08","date_gmt":"2023-10-10T11:39:08","guid":{"rendered":"https:\/\/arquitectosdejaen.es\/?p=5729"},"modified":"2023-12-12T17:26:00","modified_gmt":"2023-12-12T16:26:00","slug":"primer-concurso-de-fotografia-coajaen-incoherencias-urbanas","status":"publish","type":"post","link":"https:\/\/arquitectosdejaen.es\/?p=5729","title":{"rendered":"PRIMER CONCURSO DE FOTOGRAF\u00cdA COAJA\u00c9N \u201cINCOHERENCIAS URBANAS\u201d"},"content":{"rendered":"\n[et_pb_section fb_built=\u00bb1&#8243; _builder_version=\u00bb4.22.1&#8243; _module_preset=\u00bbdefault\u00bb global_colors_info=\u00bb{}\u00bb][et_pb_row _builder_version=\u00bb4.22.1&#8243; _module_preset=\u00bbdefault\u00bb global_colors_info=\u00bb{}\u00bb][et_pb_column type=\u00bb4_4&#8243; _builder_version=\u00bb4.22.1&#8243; _module_preset=\u00bbdefault\u00bb global_colors_info=\u00bb{}\u00bb][et_pb_text _builder_version=\u00bb4.22.1&#8243; _module_preset=\u00bbdefault\u00bb global_colors_info=\u00bb{}\u00bb]<h2 style=\"text-align: center;\"><strong>PRIMER CONCURSO DE FOTOGRAF\u00cdA COAJA\u00c9N \u201cINCOHERENCIAS URBANAS\u201d<\/strong><\/h2>[\/et_pb_text][et_pb_image src=\u00bbhttps:\/\/arquitectosdejaen.es\/wp-content\/uploads\/2023\/IMAGEN_CONCURSO_FOTOGRAFIA_2-scaled.jpg\u00bb title_text=\u00bbIMAGEN_CONCURSO_FOTOGRAFIA_2.jpg\u00bb _builder_version=\u00bb4.22.1&#8243; _module_preset=\u00bbdefault\u00bb hover_enabled=\u00bb0&#8243; global_colors_info=\u00bb{}\u00bb sticky_enabled=\u00bb0&#8243;][\/et_pb_image][et_pb_text _builder_version=\u00bb4.22.1&#8243; _module_preset=\u00bbdefault\u00bb global_colors_info=\u00bb{}\u00bb]<p style=\"text-align: justify;\">Este a\u00f1o, desde el Colegio hemos querido disfrutar de la oportunidad que nos brinda la Semana de la Arquitectura para convocar el primer concurso de fotograf\u00eda de la serie <strong>\u201cIncoherencias Urbanas\u201d. <\/strong><\/p>\n<p style=\"text-align: justify;\"><\/p>\n<p style=\"text-align: justify;\">Con este t\u00edtulo se pretende conseguir hacer una reflexi\u00f3n acerca de las incoherencias urbanas en las calles y espacios urbanos de nuestra provincia a trav\u00e9s de la fotograf\u00eda como medio de expresi\u00f3n, buscando una mirada anal\u00edtica en b\u00fasqueda de im\u00e1genes que le hagan ver m\u00e1s all\u00e1 del propio objetivo, con ello se pretende conseguir debatir y aportar soluciones a esos problemas cotidianos que igualmente son de inter\u00e9s para la ciudadan\u00eda.<\/p>\n<p style=\"text-align: justify;\"><\/p>\n<p style=\"text-align: justify;\">Los objetivos de este concurso son:<\/p>\n<p style=\"text-align: justify;\"><\/p>\n<p style=\"text-align: justify;\">Convertir esa incoherencia, caos o contradicci\u00f3n en expresi\u00f3n de belleza fotogr\u00e1fica (se\u00f1al\u00e9tica, movimiento peatonal, pavimentaci\u00f3n, cruces, acerados, pasos de peatones, etc.). Mostrar una mirada constructiva para impulsar e inspirar mejoras.<\/p>\n<p style=\"text-align: justify;\"><\/p>\n<p style=\"text-align: justify;\">Es por esto por lo que la Junta ha cre\u00eddo oportuno convocar un Concurso en el que podr\u00e1 participar cualquier persona f\u00edsica mayor de edad, con la excepci\u00f3n de los miembros del Jurado y familiares de los mismos en primer grado.<\/p>\n<p style=\"text-align: justify;\"><\/p>\n<p style=\"text-align: justify;\">El concurso dar\u00e1 comienzo a las 0:01 horas del lunes d\u00eda<strong> 9 de octubre <\/strong>y el plazo finalizar\u00e1 a las 23:59 horas del lunes d\u00eda<strong> 4 de diciembre. <\/strong>No se admitir\u00e1n fotograf\u00edas pasada esta fecha l\u00edmite.<\/p>\n<p>&nbsp;<\/p>\n<table>\n<tbody>\n<tr>\n<td width=\"676\">\n<p><em>\u00a0<\/em><\/p>\n<p style=\"text-align: center;\"><a href=\"https:\/\/www.coajaen.org\/circulares\/descargas2023\/bases_concurso_fotografia_coajaen_2023.pdf\"><strong>DESCARGA LAS BASES, PULSANDO AQU\u00cd<\/strong><\/a><\/p>\n<p><em>\u00a0<\/em><\/p>\n<\/td>\n<\/tr>\n<\/tbody>\n<\/table>\n<p>&nbsp;<\/p>[\/et_pb_text][\/et_pb_column][\/et_pb_row][et_pb_row _builder_version=\u00bb4.22.1&#8243; _module_preset=\u00bbdefault\u00bb global_colors_info=\u00bb{}\u00bb][et_pb_column type=\u00bb4_4&#8243; _builder_version=\u00bb4.22.1&#8243; _module_preset=\u00bbdefault\u00bb global_colors_info=\u00bb{}\u00bb][\/et_pb_column][\/et_pb_row][\/et_pb_section]\n","protected":false},"excerpt":{"rendered":"<p>PRIMER CONCURSO DE FOTOGRAF\u00cdA COAJA\u00c9N \u201cINCOHERENCIAS URBANAS\u201dEste a\u00f1o, desde el Colegio hemos querido disfrutar de la oportunidad que nos brinda la Semana de la Arquitectura para convocar el primer concurso de fotograf\u00eda de la serie \u201cIncoherencias Urbanas\u201d. Con este t\u00edtulo se pretende conseguir hacer una reflexi\u00f3n acerca de las incoherencias urbanas en las calles y [&hellip;]<\/p>\n","protected":false},"author":1,"featured_media":5779,"comment_status":"closed","ping_status":"closed","sticky":false,"template":"","format":"standard","meta":{"_et_pb_use_builder":"on","_et_pb_old_content":"","_et_gb_content_width":"1080","footnotes":""},"categories":[7],"tags":[],"class_list":["post-5729","post","type-post","status-publish","format-standard","has-post-thumbnail","hentry","category-eventos"],"_links":{"self":[{"href":"https:\/\/arquitectosdejaen.es\/index.php?rest_route=\/wp\/v2\/posts\/5729","targetHints":{"allow":["GET"]}}],"collection":[{"href":"https:\/\/arquitectosdejaen.es\/index.php?rest_route=\/wp\/v2\/posts"}],"about":[{"href":"https:\/\/arquitectosdejaen.es\/index.php?rest_route=\/wp\/v2\/types\/post"}],"author":[{"embeddable":true,"href":"https:\/\/arquitectosdejaen.es\/index.php?rest_route=\/wp\/v2\/users\/1"}],"replies":[{"embeddable":true,"href":"https:\/\/arquitectosdejaen.es\/index.php?rest_route=%2Fwp%2Fv2%2Fcomments&post=5729"}],"version-history":[{"count":8,"href":"https:\/\/arquitectosdejaen.es\/index.php?rest_route=\/wp\/v2\/posts\/5729\/revisions"}],"predecessor-version":[{"id":5815,"href":"https:\/\/arquitectosdejaen.es\/index.php?rest_route=\/wp\/v2\/posts\/5729\/revisions\/5815"}],"wp:featuredmedia":[{"embeddable":true,"href":"https:\/\/arquitectosdejaen.es\/index.php?rest_route=\/wp\/v2\/media\/5779"}],"wp:attachment":[{"href":"https:\/\/arquitectosdejaen.es\/index.php?rest_route=%2Fwp%2Fv2%2Fmedia&parent=5729"}],"wp:term":[{"taxonomy":"category","embeddable":true,"href":"https:\/\/arquitectosdejaen.es\/index.php?rest_route=%2Fwp%2Fv2%2Fcategories&post=5729"},{"taxonomy":"post_tag","embeddable":true,"href":"https:\/\/arquitectosdejaen.es\/index.php?rest_route=%2Fwp%2Fv2%2Ftags&post=5729"}],"curies":[{"name":"wp","href":"https:\/\/api.w.org\/{rel}","templated":true}]}}