{"id":6025,"date":"2024-06-06T10:42:10","date_gmt":"2024-06-06T08:42:10","guid":{"rendered":"https:\/\/arquitectosdejaen.es\/?p=6025"},"modified":"2024-07-01T09:52:21","modified_gmt":"2024-07-01T07:52:21","slug":"6025","status":"publish","type":"post","link":"https:\/\/arquitectosdejaen.es\/?p=6025","title":{"rendered":"Exposici\u00f3n de Fotograf\u00edas &#8216;LOVE IS IN THE AID \u2013 30 A\u00d1OS DE ARQUITECTURA SIN FRONTERAS&#8217;."},"content":{"rendered":"\n[et_pb_section fb_built=\u00bb1&#8243; _builder_version=\u00bb4.25.1&#8243; _module_preset=\u00bbdefault\u00bb global_colors_info=\u00bb{}\u00bb][et_pb_row _builder_version=\u00bb4.25.1&#8243; _module_preset=\u00bbdefault\u00bb global_colors_info=\u00bb{}\u00bb][et_pb_column type=\u00bb4_4&#8243; _builder_version=\u00bb4.25.1&#8243; _module_preset=\u00bbdefault\u00bb global_colors_info=\u00bb{}\u00bb][et_pb_image src=\u00bbhttps:\/\/arquitectosdejaen.es\/wp-content\/uploads\/2024\/Expo 30A 1080&#215;1080.jpg\u00bb title_text=\u00bbExpo-30A-1080&#215;1080.jpg\u00bb _builder_version=\u00bb4.25.1&#8243; _module_preset=\u00bbdefault\u00bb hover_enabled=\u00bb0&#8243; global_colors_info=\u00bb{}\u00bb sticky_enabled=\u00bb0&#8243;][\/et_pb_image][\/et_pb_column][\/et_pb_row][et_pb_row _builder_version=\u00bb4.25.1&#8243; _module_preset=\u00bbdefault\u00bb global_colors_info=\u00bb{}\u00bb][et_pb_column type=\u00bb4_4&#8243; _builder_version=\u00bb4.25.1&#8243; _module_preset=\u00bbdefault\u00bb global_colors_info=\u00bb{}\u00bb][et_pb_text _builder_version=\u00bb4.25.1&#8243; _module_preset=\u00bbdefault\u00bb global_colors_info=\u00bb{}\u00bb]<p style=\"text-align: justify;\">El Colegio Oficial de Arquitectos de Ja\u00e9n acoge la <strong>Exposici\u00f3n de Fotograf\u00edas &#8216;LOVE IS IN THE AID \u2013 30 A\u00d1OS DE ARQUITECTURA SIN FRONTERAS&#8217;<\/strong>.<\/p>\n<p style=\"text-align: justify;\">En esta muestra podemos ver los procesos participativos liderados por ASF: im\u00e1genes de gran formato, reunidas con ocasi\u00f3n del 30 aniversario de la ONG. Ejemplos de mejoras socio-educativas en Nicaragua; promoci\u00f3n de la accesibilidad en Mozambique; refuerzo de los recursos en Hait\u00ed; defensa del derecho a la tierra en Guatemala,\u2026<\/p>\n<p style=\"text-align: justify;\">La <strong>inauguraci\u00f3n<\/strong> tendra lugar el pr\u00f3ximo <strong>jueves, 6 junio<\/strong> de 2024, a las <strong>17:00 horas<\/strong>\u00a0en la sala de exposiciones, pudi\u00e9ndose visitar la exposici\u00f3n hasta el 28 de junio.<\/p>[\/et_pb_text][\/et_pb_column][\/et_pb_row][\/et_pb_section]\n","protected":false},"excerpt":{"rendered":"<p>El Colegio Oficial de Arquitectos de Ja\u00e9n acoge la Exposici\u00f3n de Fotograf\u00edas &#8216;LOVE IS IN THE AID \u2013 30 A\u00d1OS DE ARQUITECTURA SIN FRONTERAS&#8217;. En esta muestra podemos ver los procesos participativos liderados por ASF: im\u00e1genes de gran formato, reunidas con ocasi\u00f3n del 30 aniversario de la ONG. Ejemplos de mejoras socio-educativas en Nicaragua; promoci\u00f3n [&hellip;]<\/p>\n","protected":false},"author":1,"featured_media":6028,"comment_status":"closed","ping_status":"closed","sticky":false,"template":"","format":"standard","meta":{"_et_pb_use_builder":"on","_et_pb_old_content":"","_et_gb_content_width":"1080","footnotes":""},"categories":[14],"tags":[],"class_list":["post-6025","post","type-post","status-publish","format-standard","has-post-thumbnail","hentry","category-exposiciones"],"_links":{"self":[{"href":"https:\/\/arquitectosdejaen.es\/index.php?rest_route=\/wp\/v2\/posts\/6025","targetHints":{"allow":["GET"]}}],"collection":[{"href":"https:\/\/arquitectosdejaen.es\/index.php?rest_route=\/wp\/v2\/posts"}],"about":[{"href":"https:\/\/arquitectosdejaen.es\/index.php?rest_route=\/wp\/v2\/types\/post"}],"author":[{"embeddable":true,"href":"https:\/\/arquitectosdejaen.es\/index.php?rest_route=\/wp\/v2\/users\/1"}],"replies":[{"embeddable":true,"href":"https:\/\/arquitectosdejaen.es\/index.php?rest_route=%2Fwp%2Fv2%2Fcomments&post=6025"}],"version-history":[{"count":6,"href":"https:\/\/arquitectosdejaen.es\/index.php?rest_route=\/wp\/v2\/posts\/6025\/revisions"}],"predecessor-version":[{"id":6048,"href":"https:\/\/arquitectosdejaen.es\/index.php?rest_route=\/wp\/v2\/posts\/6025\/revisions\/6048"}],"wp:featuredmedia":[{"embeddable":true,"href":"https:\/\/arquitectosdejaen.es\/index.php?rest_route=\/wp\/v2\/media\/6028"}],"wp:attachment":[{"href":"https:\/\/arquitectosdejaen.es\/index.php?rest_route=%2Fwp%2Fv2%2Fmedia&parent=6025"}],"wp:term":[{"taxonomy":"category","embeddable":true,"href":"https:\/\/arquitectosdejaen.es\/index.php?rest_route=%2Fwp%2Fv2%2Fcategories&post=6025"},{"taxonomy":"post_tag","embeddable":true,"href":"https:\/\/arquitectosdejaen.es\/index.php?rest_route=%2Fwp%2Fv2%2Ftags&post=6025"}],"curies":[{"name":"wp","href":"https:\/\/api.w.org\/{rel}","templated":true}]}}