{"id":6092,"date":"2024-09-19T17:40:26","date_gmt":"2024-09-19T15:40:26","guid":{"rendered":"https:\/\/arquitectosdejaen.es\/?p=6092"},"modified":"2024-10-23T13:18:32","modified_gmt":"2024-10-23T11:18:32","slug":"expo-makula","status":"publish","type":"post","link":"https:\/\/arquitectosdejaen.es\/?p=6092","title":{"rendered":"Exposici\u00f3n de acuarelas &#8216;M\u00e1kula en el COAJ&#8217;"},"content":{"rendered":"<p>[et_pb_section fb_built=\u00bb1&#8243; _builder_version=\u00bb4.25.1&#8243; _module_preset=\u00bbdefault\u00bb global_colors_info=\u00bb{}\u00bb][et_pb_row _builder_version=\u00bb4.25.1&#8243; _module_preset=\u00bbdefault\u00bb global_colors_info=\u00bb{}\u00bb][et_pb_column type=\u00bb4_4&#8243; _builder_version=\u00bb4.25.1&#8243; _module_preset=\u00bbdefault\u00bb global_colors_info=\u00bb{}\u00bb][et_pb_image src=\u00bbhttps:\/\/arquitectosdejaen.es\/wp-content\/uploads\/2023\/cartel-EXPO-MAKULA-scaled.jpg\u00bb title_text=\u00bbcartel-EXPO-MAKULA.jpg\u00bb _builder_version=\u00bb4.27.0&#8243; _module_preset=\u00bbdefault\u00bb hover_enabled=\u00bb0&#8243; global_colors_info=\u00bb{}\u00bb alt=\u00bbExposici\u00f3n de acuarelas &#8216;M\u00e1kula'\u00bb sticky_enabled=\u00bb0&#8243;][\/et_pb_image][\/et_pb_column][\/et_pb_row][et_pb_row _builder_version=\u00bb4.25.1&#8243; _module_preset=\u00bbdefault\u00bb hover_enabled=\u00bb0&#8243; global_colors_info=\u00bb{}\u00bb sticky_enabled=\u00bb0&#8243;][et_pb_column type=\u00bb4_4&#8243; _builder_version=\u00bb4.25.1&#8243; _module_preset=\u00bbdefault\u00bb global_colors_info=\u00bb{}\u00bb][et_pb_text _builder_version=\u00bb4.25.1&#8243; _module_preset=\u00bbdefault\u00bb global_colors_info=\u00bb{}\u00bb]<\/p>\n<p style=\"text-align: justify;\">El Colegio Oficial de Arquitectos de Ja\u00e9n acoge la <strong>Exposici\u00f3n de acuarelas &#8216;M\u00e1kula&#8217;<\/strong>. Esta muestra recoge una selecci\u00f3n de las obras realizadas por los alumnos que han formado parte del <strong>Proyecto M\u00e1kula Ja\u00e9n<\/strong>.<br \/>La <strong>inauguraci\u00f3n<\/strong> tendr\u00e1 lugar el<strong> jueves, 19 de septiembre<\/strong> de 2024, a las 18:00 horas en la sala de exposiciones.<br \/>La exposici\u00f3n podr\u00e1 visitarse hasta el 18 de octubre.<\/p>\n<p>[\/et_pb_text][\/et_pb_column][\/et_pb_row][\/et_pb_section]<\/p>\n","protected":false},"excerpt":{"rendered":"<p>El Colegio Oficial de Arquitectos de Ja\u00e9n acoge la Exposici\u00f3n de acuarelas &#8216;M\u00e1kula&#8217;. Esta muestra recoge una selecci\u00f3n de las obras realizadas por los alumnos que han formado parte del Proyecto M\u00e1kula Ja\u00e9n.La inauguraci\u00f3n tendr\u00e1 lugar el jueves, 19 de septiembre de 2024, a las 18:00 horas en la sala de exposiciones.La exposici\u00f3n podr\u00e1 visitarse [&hellip;]<\/p>\n","protected":false},"author":1,"featured_media":6094,"comment_status":"closed","ping_status":"closed","sticky":false,"template":"","format":"standard","meta":{"_et_pb_use_builder":"on","_et_pb_old_content":"","_et_gb_content_width":"1080","footnotes":""},"categories":[14],"tags":[],"class_list":["post-6092","post","type-post","status-publish","format-standard","has-post-thumbnail","hentry","category-exposiciones"],"_links":{"self":[{"href":"https:\/\/arquitectosdejaen.es\/index.php?rest_route=\/wp\/v2\/posts\/6092","targetHints":{"allow":["GET"]}}],"collection":[{"href":"https:\/\/arquitectosdejaen.es\/index.php?rest_route=\/wp\/v2\/posts"}],"about":[{"href":"https:\/\/arquitectosdejaen.es\/index.php?rest_route=\/wp\/v2\/types\/post"}],"author":[{"embeddable":true,"href":"https:\/\/arquitectosdejaen.es\/index.php?rest_route=\/wp\/v2\/users\/1"}],"replies":[{"embeddable":true,"href":"https:\/\/arquitectosdejaen.es\/index.php?rest_route=%2Fwp%2Fv2%2Fcomments&post=6092"}],"version-history":[{"count":2,"href":"https:\/\/arquitectosdejaen.es\/index.php?rest_route=\/wp\/v2\/posts\/6092\/revisions"}],"predecessor-version":[{"id":6097,"href":"https:\/\/arquitectosdejaen.es\/index.php?rest_route=\/wp\/v2\/posts\/6092\/revisions\/6097"}],"wp:featuredmedia":[{"embeddable":true,"href":"https:\/\/arquitectosdejaen.es\/index.php?rest_route=\/wp\/v2\/media\/6094"}],"wp:attachment":[{"href":"https:\/\/arquitectosdejaen.es\/index.php?rest_route=%2Fwp%2Fv2%2Fmedia&parent=6092"}],"wp:term":[{"taxonomy":"category","embeddable":true,"href":"https:\/\/arquitectosdejaen.es\/index.php?rest_route=%2Fwp%2Fv2%2Fcategories&post=6092"},{"taxonomy":"post_tag","embeddable":true,"href":"https:\/\/arquitectosdejaen.es\/index.php?rest_route=%2Fwp%2Fv2%2Ftags&post=6092"}],"curies":[{"name":"wp","href":"https:\/\/api.w.org\/{rel}","templated":true}]}}