{"id":6245,"date":"2025-05-15T10:20:19","date_gmt":"2025-05-15T08:20:19","guid":{"rendered":"https:\/\/arquitectosdejaen.es\/?p=6245"},"modified":"2025-06-05T11:09:57","modified_gmt":"2025-06-05T09:09:57","slug":"la-noche-en-blanco-2025","status":"publish","type":"post","link":"https:\/\/arquitectosdejaen.es\/?p=6245","title":{"rendered":"La Noche en Blanco 2025"},"content":{"rendered":"<p>[et_pb_section fb_built=\u00bb1&#8243; _builder_version=\u00bb4.27.4&#8243; _module_preset=\u00bbdefault\u00bb global_colors_info=\u00bb{}\u00bb][et_pb_row _builder_version=\u00bb4.27.4&#8243; _module_preset=\u00bbdefault\u00bb global_colors_info=\u00bb{}\u00bb][et_pb_column type=\u00bb4_4&#8243; _builder_version=\u00bb4.27.4&#8243; _module_preset=\u00bbdefault\u00bb global_colors_info=\u00bb{}\u00bb][et_pb_image src=\u00bbhttps:\/\/arquitectosdejaen.es\/wp-content\/uploads\/2025\/NEB2025.jpg\u00bb title_text=\u00bbNEB2025.jpg\u00bb _builder_version=\u00bb4.27.4&#8243; _module_preset=\u00bbdefault\u00bb hover_enabled=\u00bb0&#8243; global_colors_info=\u00bb{}\u00bb sticky_enabled=\u00bb0&#8243;][\/et_pb_image][\/et_pb_column][\/et_pb_row][et_pb_row _builder_version=\u00bb4.27.4&#8243; _module_preset=\u00bbdefault\u00bb global_colors_info=\u00bb{}\u00bb][et_pb_column type=\u00bb4_4&#8243; _builder_version=\u00bb4.27.4&#8243; _module_preset=\u00bbdefault\u00bb global_colors_info=\u00bb{}\u00bb][et_pb_text _builder_version=\u00bb4.27.4&#8243; _module_preset=\u00bbdefault\u00bb global_colors_info=\u00bb{}\u00bb]<\/p>\n<p>Vuelve la <strong>Noche en Blanco<\/strong> en Ja\u00e9n este <strong>viernes, 16 mayo de 2025<\/strong>, organizada por la Universidad de Ja\u00e9n, Junta de Andaluc\u00eda, Diputaci\u00f3n Provincial y el Ayuntamiento de Ja\u00e9n, en colaboraci\u00f3n con distintas entidades, entre las que se encuentra el Colegio Oficial de Arquitectos de Ja\u00e9n.<\/p>\n<p>&nbsp;<\/p>\n<p>Nuestra ciudad vivir\u00e1 una noche m\u00e1gica en la que la Cultura invadir\u00e1 todo el casco antiguo. Consulta en el siguiente enlace la <a href=\"https:\/\/tr163390649.coajaen.org\/c\/1vo2w\/kjgqbyg2\/yqxymuaou4q\">programaci\u00f3n completa<\/a>.<\/p>\n<p>&nbsp;<\/p>\n<p><strong>Actividades previstas en el Colegio Oficial de Arquitectos de Ja\u00e9n:<\/strong><\/p>\n<p>&nbsp;<\/p>\n<p><strong>Concierto del Conservatorio Superior de M\u00fasica en el Colegio Oficial de Arquitectos de Ja\u00e9n. Viernes, 16 de mayo, 21:00 horas.<\/strong><\/p>\n<p>&nbsp;<\/p>\n<p><strong>Ensemble de clarinetes<\/strong><\/p>\n<p>Int\u00e9rpretes:<\/p>\n<p>Diego Manuel Camacho Vega<\/p>\n<p>Alicia Jurado Garc\u00eda<\/p>\n<p>Elena Mill\u00e1n Valenzuela<\/p>\n<p>Jes\u00fas Osca Checa<\/p>\n<p>Raquel Rodr\u00edguez Maniega<\/p>\n<p>Antonio Rubio Parrado<\/p>\n<p>Sergio Tudela S\u00e1nchez<\/p>\n<p>&nbsp;<\/p>\n<p>Programa:<\/p>\n<ul>\n<li><em>Juanito \u00abEl Jarri\u00bb\u00a0\u00a0\u00a0\u00a0\u00a0\u00a0\u00a0\u00a0 \u00a0\u00a0\u00a0\u00a0\u00a0\u00a0\u00a0\u00a0\u00a0\u00a0\u00a0\u00a0\u00a0\u00a0\u00a0\u00a0\u00a0\u00a0\u00a0\u00a0\u00a0\u00a0\u00a0 Ignacio S\u00e1nchez Navarro<\/em><\/li>\n<li><em>Spanish Dance\u00a0\u00a0\u00a0\u00a0\u00a0\u00a0\u00a0\u00a0\u00a0\u00a0\u00a0\u00a0\u00a0\u00a0\u00a0\u00a0\u00a0\u00a0\u00a0\u00a0\u00a0\u00a0 \u00a0\u00a0\u00a0\u00a0\u00a0\u00a0\u00a0\u00a0\u00a0\u00a0\u00a0 Dmitri Shostakovich<\/em><\/li>\n<li><em>El cartero\u00a0\u00a0\u00a0\u00a0\u00a0\u00a0\u00a0\u00a0\u00a0\u00a0\u00a0\u00a0\u00a0\u00a0\u00a0\u00a0\u00a0\u00a0\u00a0 \u00a0\u00a0\u00a0\u00a0\u00a0\u00a0\u00a0\u00a0\u00a0\u00a0\u00a0\u00a0\u00a0\u00a0\u00a0\u00a0\u00a0\u00a0\u00a0\u00a0\u00a0\u00a0\u00a0 Luis Enrique Bacalov<\/em><\/li>\n<li><em>Adi\u00f3s Nonino\u00a0\u00a0\u00a0\u00a0\u00a0\u00a0\u00a0\u00a0\u00a0\u00a0\u00a0\u00a0\u00a0 \u00a0\u00a0\u00a0\u00a0\u00a0\u00a0\u00a0\u00a0\u00a0\u00a0\u00a0\u00a0\u00a0\u00a0\u00a0\u00a0\u00a0\u00a0\u00a0\u00a0\u00a0\u00a0\u00a0 Astor Piazzolla<\/em><\/li>\n<li><em>La vida es bella\u00a0\u00a0\u00a0\u00a0\u00a0\u00a0\u00a0\u00a0\u00a0 \u00a0\u00a0\u00a0\u00a0\u00a0\u00a0\u00a0\u00a0\u00a0\u00a0\u00a0\u00a0\u00a0\u00a0\u00a0\u00a0\u00a0\u00a0\u00a0\u00a0\u00a0\u00a0\u00a0 Nicola Piovani<\/em><\/li>\n<li><em>Theme for Clarinet\u00a0\u00a0\u00a0\u00a0 \u00a0\u00a0\u00a0\u00a0\u00a0\u00a0\u00a0\u00a0\u00a0\u00a0\u00a0\u00a0\u00a0\u00a0\u00a0\u00a0\u00a0\u00a0\u00a0\u00a0\u00a0\u00a0\u00a0 Michele Mangani<\/em><\/li>\n<li><em>Ammerland\u00a0\u00a0\u00a0\u00a0\u00a0\u00a0\u00a0\u00a0\u00a0\u00a0\u00a0\u00a0\u00a0\u00a0\u00a0\u00a0 \u00a0\u00a0\u00a0\u00a0\u00a0\u00a0\u00a0\u00a0\u00a0\u00a0\u00a0\u00a0\u00a0\u00a0\u00a0\u00a0\u00a0\u00a0\u00a0\u00a0\u00a0\u00a0\u00a0 Jacob de Haan<\/em><\/li>\n<li><em>Gershwin Favourites \u00a0\u00a0\u00a0\u00a0\u00a0\u00a0\u00a0\u00a0\u00a0\u00a0\u00a0\u00a0\u00a0\u00a0\u00a0\u00a0\u00a0\u00a0\u00a0\u00a0\u00a0\u00a0\u00a0 George Gershwin<\/em><\/li>\n<\/ul>\n<p>&nbsp;<\/p>\n<p><strong>Guitarristas del CSM Ja\u00e9n<\/strong><\/p>\n<p>Luc\u00eda Rodr\u00edguez Cristino<\/p>\n<p>Carlos Rodr\u00edguez P\u00e9rez<\/p>\n<ul>\n<li><em>Deutsche Weise (Fantas\u00eda)\u00a0\u00a0\u00a0\u00a0\u00a0\u00a0\u00a0\u00a0\u00a0\u00a0\u00a0\u00a0\u00a0\u00a0 J. K. Mertz <\/em><\/li>\n<li><em>Mazurka \u00a0\u00a0\u00a0\u00a0\u00a0\u00a0\u00a0\u00a0\u00a0\u00a0\u00a0\u00a0\u00a0\u00a0\u00a0\u00a0\u00a0\u00a0\u00a0\u00a0\u00a0\u00a0\u00a0\u00a0\u00a0\u00a0\u00a0\u00a0\u00a0\u00a0\u00a0\u00a0\u00a0\u00a0\u00a0\u00a0\u00a0\u00a0\u00a0\u00a0\u00a0\u00a0\u00a0 J. K. Mertz<\/em><\/li>\n<\/ul>\n<p>Mar\u00eda Almonacid Cruz<\/p>\n<p>Francisco Mart\u00ednez Gonz\u00e1lez<\/p>\n<p>Mar\u00eda L\u00f3pez Garrido<\/p>\n<p>Sergio Esturillo Mu\u00f1oz<\/p>\n<ul>\n<li><em>Los cuatro puntos cardinales\u00a0\u00a0\u00a0\u00a0\u00a0\u00a0\u00a0\u00a0\u00a0\u00a0\u00a0 F. Kleynjans <\/em><\/li>\n<li><em> Norte<\/em><\/li>\n<li><em> Sur<\/em><\/li>\n<li><em> Este<\/em><\/li>\n<li><em> Oeste<\/em><\/li>\n<li><em>Sombrero de Tres Picos \u00a0\u00a0\u00a0\u00a0\u00a0\u00a0\u00a0\u00a0\u00a0\u00a0\u00a0\u00a0\u00a0\u00a0\u00a0\u00a0\u00a0\u00a0 M. de Falla <\/em><\/li>\n<li><em> Danza del Molinero<\/em><\/li>\n<\/ul>\n<p>Mar\u00eda Almonacid Cruz<\/p>\n<p>Francisco Mart\u00ednez Gonz\u00e1lez<\/p>\n<p>Sergio Esturillo Mu\u00f1oz<\/p>\n<p>Mar\u00eda L\u00f3pez Garrido<\/p>\n<p>Luc\u00eda Rodr\u00edguez Cristino<\/p>\n<p>Andrea C\u00e1rdenas de la Torre<\/p>\n<p>Carlos Rodr\u00edguez P\u00e9rez<\/p>\n<ul>\n<li><em>Estampas\u00a0\u00a0\u00a0\u00a0\u00a0\u00a0\u00a0\u00a0\u00a0\u00a0\u00a0\u00a0\u00a0\u00a0\u00a0\u00a0\u00a0\u00a0\u00a0\u00a0\u00a0\u00a0\u00a0\u00a0\u00a0\u00a0\u00a0\u00a0\u00a0\u00a0\u00a0\u00a0\u00a0\u00a0\u00a0\u00a0\u00a0\u00a0\u00a0\u00a0\u00a0\u00a0 F. Moreno Torroba<\/em><\/li>\n<li><em> Bailando un fandango charro <\/em><\/li>\n<li><em> Fiesta en el pueblo<\/em><\/li>\n<li><em> La boda<\/em><\/li>\n<\/ul>\n<p style=\"text-align: justify;\"><em>IV. Juegos infantiles<\/em><\/p>\n<p>[\/et_pb_text][\/et_pb_column][\/et_pb_row][\/et_pb_section]<\/p>\n","protected":false},"excerpt":{"rendered":"<p>Vuelve la Noche en Blanco en Ja\u00e9n este viernes, 16 mayo de 2025, organizada por la Universidad de Ja\u00e9n, Junta de Andaluc\u00eda, Diputaci\u00f3n Provincial y el Ayuntamiento de Ja\u00e9n, en colaboraci\u00f3n con distintas entidades, entre las que se encuentra el Colegio Oficial de Arquitectos de Ja\u00e9n. &nbsp; Nuestra ciudad vivir\u00e1 una noche m\u00e1gica en la [&hellip;]<\/p>\n","protected":false},"author":1,"featured_media":6247,"comment_status":"closed","ping_status":"closed","sticky":false,"template":"","format":"standard","meta":{"_et_pb_use_builder":"on","_et_pb_old_content":"","_et_gb_content_width":"1080","footnotes":""},"categories":[7],"tags":[],"class_list":["post-6245","post","type-post","status-publish","format-standard","has-post-thumbnail","hentry","category-eventos"],"_links":{"self":[{"href":"https:\/\/arquitectosdejaen.es\/index.php?rest_route=\/wp\/v2\/posts\/6245","targetHints":{"allow":["GET"]}}],"collection":[{"href":"https:\/\/arquitectosdejaen.es\/index.php?rest_route=\/wp\/v2\/posts"}],"about":[{"href":"https:\/\/arquitectosdejaen.es\/index.php?rest_route=\/wp\/v2\/types\/post"}],"author":[{"embeddable":true,"href":"https:\/\/arquitectosdejaen.es\/index.php?rest_route=\/wp\/v2\/users\/1"}],"replies":[{"embeddable":true,"href":"https:\/\/arquitectosdejaen.es\/index.php?rest_route=%2Fwp%2Fv2%2Fcomments&post=6245"}],"version-history":[{"count":2,"href":"https:\/\/arquitectosdejaen.es\/index.php?rest_route=\/wp\/v2\/posts\/6245\/revisions"}],"predecessor-version":[{"id":6248,"href":"https:\/\/arquitectosdejaen.es\/index.php?rest_route=\/wp\/v2\/posts\/6245\/revisions\/6248"}],"wp:featuredmedia":[{"embeddable":true,"href":"https:\/\/arquitectosdejaen.es\/index.php?rest_route=\/wp\/v2\/media\/6247"}],"wp:attachment":[{"href":"https:\/\/arquitectosdejaen.es\/index.php?rest_route=%2Fwp%2Fv2%2Fmedia&parent=6245"}],"wp:term":[{"taxonomy":"category","embeddable":true,"href":"https:\/\/arquitectosdejaen.es\/index.php?rest_route=%2Fwp%2Fv2%2Fcategories&post=6245"},{"taxonomy":"post_tag","embeddable":true,"href":"https:\/\/arquitectosdejaen.es\/index.php?rest_route=%2Fwp%2Fv2%2Ftags&post=6245"}],"curies":[{"name":"wp","href":"https:\/\/api.w.org\/{rel}","templated":true}]}}