{"id":6294,"date":"2025-07-01T11:03:56","date_gmt":"2025-07-01T09:03:56","guid":{"rendered":"https:\/\/arquitectosdejaen.es\/?p=6294"},"modified":"2025-07-22T11:12:56","modified_gmt":"2025-07-22T09:12:56","slug":"la-voz-de-la-arquitectura-01-07-2025","status":"publish","type":"post","link":"https:\/\/arquitectosdejaen.es\/?p=6294","title":{"rendered":"La Voz de la Arquitectura en COPE &#8216;Convenio de Colaboraci\u00f3n con JA\u00c9N CB&#8217; (01\/07\/2025)"},"content":{"rendered":"<p>[et_pb_section fb_built=\u00bb1&#8243; admin_label=\u00bbsection\u00bb _builder_version=\u00bb4.16&#8243; global_colors_info=\u00bb{}\u00bb][et_pb_row admin_label=\u00bbrow\u00bb _builder_version=\u00bb4.16&#8243; background_size=\u00bbinitial\u00bb background_position=\u00bbtop_left\u00bb background_repeat=\u00bbrepeat\u00bb global_colors_info=\u00bb{}\u00bb][et_pb_column type=\u00bb4_4&#8243; _builder_version=\u00bb4.16&#8243; custom_padding=\u00bb|||\u00bb global_colors_info=\u00bb{}\u00bb custom_padding__hover=\u00bb|||\u00bb][et_pb_text admin_label=\u00bbText\u00bb _builder_version=\u00bb4.27.4&#8243; header_line_height=\u00bb1.5em\u00bb background_size=\u00bbinitial\u00bb background_position=\u00bbtop_left\u00bb background_repeat=\u00bbrepeat\u00bb custom_padding=\u00bb16px|||||\u00bb hover_enabled=\u00bb0&#8243; global_colors_info=\u00bb{}\u00bb sticky_enabled=\u00bb0&#8243;]<\/p>\n<h1 style=\"text-align: justify;\"><strong>La Voz de la Arquitectura \u00abConvenio de Colaboraci\u00f3n con el Club Deportivo Ja\u00e9n Club Baloncesto (JA\u00c9N CB)\u00bb.<\/strong><\/h1>\n<p><strong><\/strong><\/p>\n<p style=\"text-align: justify;\">En este programa hemos contado con la participaci\u00f3n de\u00a0<strong>Jos\u00e9 Mar\u00eda Comas Hermoso<\/strong>, Presidente del C. D. Ja\u00e9n Club Baloncesto.<\/p>\n<audio class=\"wp-audio-shortcode\" id=\"audio-6294-1\" preload=\"none\" style=\"width: 100%;\" controls=\"controls\"><source type=\"audio\/mpeg\" src=\"https:\/\/arquitectosdejaen.es\/wp-content\/uploads\/20250701_LaVozDeLaArquitectura.mp3?_=1\" \/><a href=\"https:\/\/arquitectosdejaen.es\/wp-content\/uploads\/20250701_LaVozDeLaArquitectura.mp3\">https:\/\/arquitectosdejaen.es\/wp-content\/uploads\/20250701_LaVozDeLaArquitectura.mp3<\/a><\/audio>\n<p style=\"text-align: justify;\"><em><\/em><\/p>\n<p style=\"text-align: justify;\"><em>Espacio quincenal denominado \u201cLa Voz de la Arquitectura\u201d, bajo el Convenio de Colaboraci\u00f3n con COPE cuyo emisi\u00f3n tiene lugar los martes en la citada cadena, con el patrocinio de Caja Rural de Ja\u00e9n.<\/em><\/p>\n<p>&nbsp;<\/p>\n<p>[\/et_pb_text][\/et_pb_column][\/et_pb_row][\/et_pb_section]<\/p>\n","protected":false},"excerpt":{"rendered":"<p>La Voz de la Arquitectura \u00abConvenio de Colaboraci\u00f3n con el Club Deportivo Ja\u00e9n Club Baloncesto (JA\u00c9N CB)\u00bb. En este programa hemos contado con la participaci\u00f3n de\u00a0Jos\u00e9 Mar\u00eda Comas Hermoso, Presidente del C. D. Ja\u00e9n Club Baloncesto. Espacio quincenal denominado \u201cLa Voz de la Arquitectura\u201d, bajo el Convenio de Colaboraci\u00f3n con COPE cuyo emisi\u00f3n tiene lugar [&hellip;]<\/p>\n","protected":false},"author":1,"featured_media":6290,"comment_status":"open","ping_status":"open","sticky":false,"template":"","format":"standard","meta":{"_et_pb_use_builder":"on","_et_pb_old_content":"<h1 style=\"text-align: justify\"><strong>La Voz de la Arquitectura: \u201cCelebraci\u00f3n D\u00eda Hermandad\u201d.<\/strong><\/h1>\r\n<p style=\"text-align: justify\">En este programa contaremos con la participaci\u00f3n de la Vocal de Defensa de la Profesi\u00f3n, <strong>D\u00aa. Mar\u00eda Serrano S\u00e1nchez<\/strong>.<\/p>\r\n[audio mp3=\"https:\/\/arquitectosdejaen.es\/wp-content\/uploads\/Medios\/Temporada_21_22\/20220614_LaVozDeLaArquitectura.mp3\"][\/audio]\r\n\r\n&nbsp;\r\n<p style=\"text-align: justify\"><em>Espacio quincenal denominado \u201cLa Voz de la Arquitectura\u201d, bajo el Convenio de Colaboraci\u00f3n con COPE cuyo emisi\u00f3n tiene lugar los martes en la citada cadena, con el patrocinio de Caja Rural de Ja\u00e9n.<\/em><\/p>\r\n&nbsp;","_et_gb_content_width":"1080","footnotes":""},"categories":[8],"tags":[],"class_list":["post-6294","post","type-post","status-publish","format-standard","has-post-thumbnail","hentry","category-radio"],"_links":{"self":[{"href":"https:\/\/arquitectosdejaen.es\/index.php?rest_route=\/wp\/v2\/posts\/6294","targetHints":{"allow":["GET"]}}],"collection":[{"href":"https:\/\/arquitectosdejaen.es\/index.php?rest_route=\/wp\/v2\/posts"}],"about":[{"href":"https:\/\/arquitectosdejaen.es\/index.php?rest_route=\/wp\/v2\/types\/post"}],"author":[{"embeddable":true,"href":"https:\/\/arquitectosdejaen.es\/index.php?rest_route=\/wp\/v2\/users\/1"}],"replies":[{"embeddable":true,"href":"https:\/\/arquitectosdejaen.es\/index.php?rest_route=%2Fwp%2Fv2%2Fcomments&post=6294"}],"version-history":[{"count":4,"href":"https:\/\/arquitectosdejaen.es\/index.php?rest_route=\/wp\/v2\/posts\/6294\/revisions"}],"predecessor-version":[{"id":6298,"href":"https:\/\/arquitectosdejaen.es\/index.php?rest_route=\/wp\/v2\/posts\/6294\/revisions\/6298"}],"wp:featuredmedia":[{"embeddable":true,"href":"https:\/\/arquitectosdejaen.es\/index.php?rest_route=\/wp\/v2\/media\/6290"}],"wp:attachment":[{"href":"https:\/\/arquitectosdejaen.es\/index.php?rest_route=%2Fwp%2Fv2%2Fmedia&parent=6294"}],"wp:term":[{"taxonomy":"category","embeddable":true,"href":"https:\/\/arquitectosdejaen.es\/index.php?rest_route=%2Fwp%2Fv2%2Fcategories&post=6294"},{"taxonomy":"post_tag","embeddable":true,"href":"https:\/\/arquitectosdejaen.es\/index.php?rest_route=%2Fwp%2Fv2%2Ftags&post=6294"}],"curies":[{"name":"wp","href":"https:\/\/api.w.org\/{rel}","templated":true}]}}