{"id":6341,"date":"2025-09-23T14:12:10","date_gmt":"2025-09-23T12:12:10","guid":{"rendered":"https:\/\/arquitectosdejaen.es\/?p=6341"},"modified":"2025-12-30T11:32:21","modified_gmt":"2025-12-30T10:32:21","slug":"la-voz-de-la-arquitectura-23-09-2025","status":"publish","type":"post","link":"https:\/\/arquitectosdejaen.es\/?p=6341","title":{"rendered":"La Voz de la Arquitectura en COPE &#8216;Fundaci\u00f3n DOCOMOMO&#8217; (23\/09\/2025)"},"content":{"rendered":"<p>[et_pb_section fb_built=\u00bb1&#8243; admin_label=\u00bbsection\u00bb _builder_version=\u00bb4.16&#8243; global_colors_info=\u00bb{}\u00bb][et_pb_row admin_label=\u00bbrow\u00bb _builder_version=\u00bb4.16&#8243; background_size=\u00bbinitial\u00bb background_position=\u00bbtop_left\u00bb background_repeat=\u00bbrepeat\u00bb global_colors_info=\u00bb{}\u00bb][et_pb_column type=\u00bb4_4&#8243; _builder_version=\u00bb4.16&#8243; custom_padding=\u00bb|||\u00bb global_colors_info=\u00bb{}\u00bb custom_padding__hover=\u00bb|||\u00bb][et_pb_text admin_label=\u00bbText\u00bb _builder_version=\u00bb4.27.4&#8243; header_line_height=\u00bb1.5em\u00bb background_size=\u00bbinitial\u00bb background_position=\u00bbtop_left\u00bb background_repeat=\u00bbrepeat\u00bb custom_padding=\u00bb16px|||||\u00bb hover_enabled=\u00bb0&#8243; global_colors_info=\u00bb{}\u00bb sticky_enabled=\u00bb0&#8243;]<\/p>\n<h1 style=\"text-align: justify;\"><strong>La Voz de la Arquitectura \u00abFundaci\u00f3n DOCOMOMO y las obras del cat\u00e1logo en Ja\u00e9n. Colocaci\u00f3n de la placa este a\u00f1o en la Vi\u00f1a Gisbert de And\u00fajar\u00bb.<\/strong><\/h1>\n<p><strong><\/strong><\/p>\n<p style=\"text-align: justify;\">En este programa hemos contado con la participaci\u00f3n de <strong>Fernando Jim\u00e9nez Parras<\/strong>, Arquitecto Documentalista para la Fundaci\u00f3n DOCOMOMO IB\u00c9RICO.<\/p>\n<audio class=\"wp-audio-shortcode\" id=\"audio-6341-1\" preload=\"none\" style=\"width: 100%;\" controls=\"controls\"><source type=\"audio\/mpeg\" src=\"https:\/\/arquitectosdejaen.es\/wp-content\/uploads\/20250923_LaVozDeLaArquitectura.mp3?_=1\" \/><a href=\"https:\/\/arquitectosdejaen.es\/wp-content\/uploads\/20250923_LaVozDeLaArquitectura.mp3\">https:\/\/arquitectosdejaen.es\/wp-content\/uploads\/20250923_LaVozDeLaArquitectura.mp3<\/a><\/audio>\n<p style=\"text-align: justify;\"><em><\/em><\/p>\n<p style=\"text-align: justify;\"><em>Espacio quincenal denominado \u201cLa Voz de la Arquitectura\u201d, bajo el Convenio de Colaboraci\u00f3n con COPE cuyo emisi\u00f3n tiene lugar los martes en la citada cadena, con el patrocinio de Caja Rural de Ja\u00e9n.<\/em><\/p>\n<p>&nbsp;<\/p>\n<p>[\/et_pb_text][\/et_pb_column][\/et_pb_row][\/et_pb_section]<\/p>\n","protected":false},"excerpt":{"rendered":"<p>La Voz de la Arquitectura \u00abFundaci\u00f3n DOCOMOMO y las obras del cat\u00e1logo en Ja\u00e9n. Colocaci\u00f3n de la placa este a\u00f1o en la Vi\u00f1a Gisbert de And\u00fajar\u00bb. En este programa hemos contado con la participaci\u00f3n de Fernando Jim\u00e9nez Parras, Arquitecto Documentalista para la Fundaci\u00f3n DOCOMOMO IB\u00c9RICO. Espacio quincenal denominado \u201cLa Voz de la Arquitectura\u201d, bajo el [&hellip;]<\/p>\n","protected":false},"author":1,"featured_media":6330,"comment_status":"open","ping_status":"open","sticky":false,"template":"","format":"standard","meta":{"_et_pb_use_builder":"on","_et_pb_old_content":"<h1 style=\"text-align: justify\"><strong>La Voz de la Arquitectura: \u201cCelebraci\u00f3n D\u00eda Hermandad\u201d.<\/strong><\/h1>\r\n<p style=\"text-align: justify\">En este programa contaremos con la participaci\u00f3n de la Vocal de Defensa de la Profesi\u00f3n, <strong>D\u00aa. Mar\u00eda Serrano S\u00e1nchez<\/strong>.<\/p>\r\n[audio mp3=\"https:\/\/arquitectosdejaen.es\/wp-content\/uploads\/Medios\/Temporada_21_22\/20220614_LaVozDeLaArquitectura.mp3\"][\/audio]\r\n\r\n&nbsp;\r\n<p style=\"text-align: justify\"><em>Espacio quincenal denominado \u201cLa Voz de la Arquitectura\u201d, bajo el Convenio de Colaboraci\u00f3n con COPE cuyo emisi\u00f3n tiene lugar los martes en la citada cadena, con el patrocinio de Caja Rural de Ja\u00e9n.<\/em><\/p>\r\n&nbsp;","_et_gb_content_width":"1080","footnotes":""},"categories":[8],"tags":[],"class_list":["post-6341","post","type-post","status-publish","format-standard","has-post-thumbnail","hentry","category-radio"],"_links":{"self":[{"href":"https:\/\/arquitectosdejaen.es\/index.php?rest_route=\/wp\/v2\/posts\/6341","targetHints":{"allow":["GET"]}}],"collection":[{"href":"https:\/\/arquitectosdejaen.es\/index.php?rest_route=\/wp\/v2\/posts"}],"about":[{"href":"https:\/\/arquitectosdejaen.es\/index.php?rest_route=\/wp\/v2\/types\/post"}],"author":[{"embeddable":true,"href":"https:\/\/arquitectosdejaen.es\/index.php?rest_route=\/wp\/v2\/users\/1"}],"replies":[{"embeddable":true,"href":"https:\/\/arquitectosdejaen.es\/index.php?rest_route=%2Fwp%2Fv2%2Fcomments&post=6341"}],"version-history":[{"count":2,"href":"https:\/\/arquitectosdejaen.es\/index.php?rest_route=\/wp\/v2\/posts\/6341\/revisions"}],"predecessor-version":[{"id":6343,"href":"https:\/\/arquitectosdejaen.es\/index.php?rest_route=\/wp\/v2\/posts\/6341\/revisions\/6343"}],"wp:featuredmedia":[{"embeddable":true,"href":"https:\/\/arquitectosdejaen.es\/index.php?rest_route=\/wp\/v2\/media\/6330"}],"wp:attachment":[{"href":"https:\/\/arquitectosdejaen.es\/index.php?rest_route=%2Fwp%2Fv2%2Fmedia&parent=6341"}],"wp:term":[{"taxonomy":"category","embeddable":true,"href":"https:\/\/arquitectosdejaen.es\/index.php?rest_route=%2Fwp%2Fv2%2Fcategories&post=6341"},{"taxonomy":"post_tag","embeddable":true,"href":"https:\/\/arquitectosdejaen.es\/index.php?rest_route=%2Fwp%2Fv2%2Ftags&post=6341"}],"curies":[{"name":"wp","href":"https:\/\/api.w.org\/{rel}","templated":true}]}}