{"id":6472,"date":"2026-04-27T14:15:02","date_gmt":"2026-04-27T12:15:02","guid":{"rendered":"https:\/\/arquitectosdejaen.es\/?p=6472"},"modified":"2026-04-27T14:30:41","modified_gmt":"2026-04-27T12:30:41","slug":"noche-en-blanco-visita-guiada-a-la-plaza-de-toros-de-jaen","status":"publish","type":"post","link":"https:\/\/arquitectosdejaen.es\/?p=6472","title":{"rendered":"Noche en Blanco. Visita guiada a la Plaza de Toros de Ja\u00e9n."},"content":{"rendered":"<p>[et_pb_section fb_built=\u00bb1&#8243; _builder_version=\u00bb4.27.6&#8243; _module_preset=\u00bbdefault\u00bb global_colors_info=\u00bb{}\u00bb][et_pb_row _builder_version=\u00bb4.27.6&#8243; _module_preset=\u00bbdefault\u00bb global_colors_info=\u00bb{}\u00bb][et_pb_column type=\u00bb4_4&#8243; _builder_version=\u00bb4.27.6&#8243; _module_preset=\u00bbdefault\u00bb global_colors_info=\u00bb{}\u00bb][et_pb_text _builder_version=\u00bb4.27.6&#8243; _module_preset=\u00bbdefault\u00bb hover_enabled=\u00bb0&#8243; global_colors_info=\u00bb{}\u00bb sticky_enabled=\u00bb0&#8243;]<\/p>\n<p style=\"text-align: justify;\">Vuelve la\u00a0<strong>Noche en Blanco<\/strong>, organizada por la Universidad de Ja\u00e9n, Junta de Andaluc\u00eda, Diputaci\u00f3n Provincial y Ayuntamiento de Ja\u00e9n, en colaboraci\u00f3n con distintas entidades entre las que se encuentra el Colegio Oficial de Arquitectos de Ja\u00e9n, con multitud de actividades entre conciertos, exposiciones, visitas culturales guiadas, danza y talleres recorrer\u00e1n el patrimonio jiennense el pr\u00f3ximo\u00a0<strong>viernes, 15 de mayo<\/strong>.<\/p>\n<p style=\"text-align: justify;\"><strong>Actividades con la colaboraci\u00f3n del COAJ:<\/strong><\/p>\n<p style=\"text-align: justify;\"><strong>Concurso Rally Fotogr\u00e1fico &#8216;Noche en Blanco 2026\u2019:<\/strong><\/p>\n<p style=\"text-align: justify;\">Concurso organizado en colaboraci\u00f3n con la Agrupaci\u00f3n Fotogr\u00e1fica de Ja\u00e9n Santo Reino (AFOJAEN), Colegio Oficial de Arquitectos de Ja\u00e9n (COAJ) y con el patrocinio del Grupo AVANZA, con la finalidad de fomentar la creaci\u00f3n art\u00edstica e incentivar la participaci\u00f3n en esta fiesta de la cultura de Ja\u00e9n, a trav\u00e9s de fotograf\u00edas de las actividades desarrolladas en dicho evento.<\/p>\n<p style=\"text-align: justify;\">En el siguiente enlace\u00a0<strong><a href=\"https:\/\/eventos.ujaen.es\/152691\/section\/66202\/noche-en-blanco-2026.html\">m\u00e1s informaci\u00f3n y bases completas<\/a><\/strong>.<\/p>\n<p style=\"text-align: justify;\"><strong>20:00h Visita guiada a la Plaza de Toros:<\/strong><\/p>\n<p style=\"text-align: justify;\">Desde el Colegio Oficial de Arquitectos de Ja\u00e9n hemos preparado la visita guiada a la Plaza de Toros de Ja\u00e9n la cual dar\u00e1 inicio a las 20:00 horas en la puerta del patio de caballos (junto al restaurante El Quinto Toro) con una duraci\u00f3n estimada de 1 hora.\u00a0<strong><a href=\"https:\/\/docs.google.com\/forms\/d\/e\/1FAIpQLSezVrYYOIfvqxiRanv0NGpSo8xAklJxUugj4uIXNOuAEikAQA\/viewform\">Plazas limitadas, reserva tu plaza en este formulario<\/a><\/strong>.<\/p>\n<p style=\"text-align: justify;\"><strong>21.00h Conciertos en el Colegio Oficial de Arquitectos de Ja\u00e9n:<\/strong><\/p>\n<p style=\"text-align: justify;\">&#8211; Ensemble de clarinetes del C.S.M. \u2018Andr\u00e9s de Vandelvira\u2019 de Ja\u00e9n.<\/p>\n<p style=\"text-align: justify;\">&#8211; Ensemble de trompas del C.S.M. \u2018Andr\u00e9s de Vandelvira\u2019 de Ja\u00e9n.<\/p>\n<p style=\"text-align: justify;\">Acceso libre \u00a0hasta completar aforo.<\/p>\n<p style=\"text-align: justify;\">Consulta el resto de actividades en el siguiente enlace con la\u00a0<strong><a href=\"https:\/\/www.coajaen.org\/circulares\/descargas2026\/neb26.pdf\">programaci\u00f3n completa<\/a><\/strong>.<\/p>\n<p>[\/et_pb_text][\/et_pb_column][\/et_pb_row][\/et_pb_section]<\/p>\n","protected":false},"excerpt":{"rendered":"<p>Vuelve la\u00a0Noche en Blanco, organizada por la Universidad de Ja\u00e9n, Junta de Andaluc\u00eda, Diputaci\u00f3n Provincial y Ayuntamiento de Ja\u00e9n, en colaboraci\u00f3n con distintas entidades entre las que se encuentra el Colegio Oficial de Arquitectos de Ja\u00e9n, con multitud de actividades entre conciertos, exposiciones, visitas culturales guiadas, danza y talleres recorrer\u00e1n el patrimonio jiennense el pr\u00f3ximo\u00a0viernes, [&hellip;]<\/p>\n","protected":false},"author":1,"featured_media":6473,"comment_status":"closed","ping_status":"closed","sticky":false,"template":"","format":"standard","meta":{"_et_pb_use_builder":"on","_et_pb_old_content":"","_et_gb_content_width":"1080","footnotes":""},"categories":[10,7,17],"tags":[],"class_list":["post-6472","post","type-post","status-publish","format-standard","has-post-thumbnail","hentry","category-agenda","category-eventos","category-inicio"],"_links":{"self":[{"href":"https:\/\/arquitectosdejaen.es\/index.php?rest_route=\/wp\/v2\/posts\/6472","targetHints":{"allow":["GET"]}}],"collection":[{"href":"https:\/\/arquitectosdejaen.es\/index.php?rest_route=\/wp\/v2\/posts"}],"about":[{"href":"https:\/\/arquitectosdejaen.es\/index.php?rest_route=\/wp\/v2\/types\/post"}],"author":[{"embeddable":true,"href":"https:\/\/arquitectosdejaen.es\/index.php?rest_route=\/wp\/v2\/users\/1"}],"replies":[{"embeddable":true,"href":"https:\/\/arquitectosdejaen.es\/index.php?rest_route=%2Fwp%2Fv2%2Fcomments&post=6472"}],"version-history":[{"count":5,"href":"https:\/\/arquitectosdejaen.es\/index.php?rest_route=\/wp\/v2\/posts\/6472\/revisions"}],"predecessor-version":[{"id":6481,"href":"https:\/\/arquitectosdejaen.es\/index.php?rest_route=\/wp\/v2\/posts\/6472\/revisions\/6481"}],"wp:featuredmedia":[{"embeddable":true,"href":"https:\/\/arquitectosdejaen.es\/index.php?rest_route=\/wp\/v2\/media\/6473"}],"wp:attachment":[{"href":"https:\/\/arquitectosdejaen.es\/index.php?rest_route=%2Fwp%2Fv2%2Fmedia&parent=6472"}],"wp:term":[{"taxonomy":"category","embeddable":true,"href":"https:\/\/arquitectosdejaen.es\/index.php?rest_route=%2Fwp%2Fv2%2Fcategories&post=6472"},{"taxonomy":"post_tag","embeddable":true,"href":"https:\/\/arquitectosdejaen.es\/index.php?rest_route=%2Fwp%2Fv2%2Ftags&post=6472"}],"curies":[{"name":"wp","href":"https:\/\/api.w.org\/{rel}","templated":true}]}}